{"id":8535,"date":"2024-05-31T11:04:18","date_gmt":"2024-05-31T09:04:18","guid":{"rendered":"http:\/\/joelgirauddepute.fr\/?p=8535"},"modified":"2024-05-31T15:26:56","modified_gmt":"2024-05-31T13:26:56","slug":"dotation-de-biodiversite-25-millions-deuros-pour-les-communes-des-hautes-alpes","status":"publish","type":"post","link":"http:\/\/joelgirauddepute.fr\/index.php\/2024\/05\/31\/dotation-de-biodiversite-25-millions-deuros-pour-les-communes-des-hautes-alpes\/","title":{"rendered":"Dotation de biodiversit\u00e9 : +2,5 millions d&rsquo;euros pour les communes des Hautes-Alpes"},"content":{"rendered":"\n<p><strong><em>Avec pr\u00e8s de 200km2 de sup\u00e9rficie, les communes de N\u00e9vache (\u00e0 droite) et d&rsquo;Abri\u00e8s-Ristolas (\u00e0 gauche) sont les grands gagnants de cette nouvelle dotation<\/em><\/strong><\/p>\n\n\n\n<p><strong>Cr\u00e9\u00e9e par Jo\u00ebl GIRAUD lorsqu&rsquo;il \u00e9tait rapporteur g\u00e9n\u00e9ral du budget, amplifi\u00e9e lorsqu&rsquo;il \u00e9tait ministre, la dotation de biodiversit\u00e9 va atteindre sa vitesse de croisi\u00e8re avec un nouveau seuil de 100 millions d&rsquo;euros en 2024<\/strong>.<\/p>\n\n\n\n<div data-wp-interactive=\"core\/file\" class=\"wp-block-file\"><object data-wp-bind--hidden=\"!state.hasPdfPreview\" hidden class=\"wp-block-file__embed\" data=\"http:\/\/joelgirauddepute.fr\/wp-content\/uploads\/2024\/05\/TableauDotationparCommune.pdf\" type=\"application\/pdf\" style=\"width:100%;height:600px\" aria-label=\"Contenu embarqu\u00e9 TableauDotationparCommune.\"><\/object><a id=\"wp-block-file--media-97166303-e0f2-4a8a-bd00-bec3c8960355\" href=\"http:\/\/joelgirauddepute.fr\/wp-content\/uploads\/2024\/05\/TableauDotationparCommune.pdf\">TableauDotationparCommune<\/a><a href=\"http:\/\/joelgirauddepute.fr\/wp-content\/uploads\/2024\/05\/TableauDotationparCommune.pdf\" class=\"wp-block-file__button wp-element-button\" download aria-describedby=\"wp-block-file--media-97166303-e0f2-4a8a-bd00-bec3c8960355\">T\u00e9l\u00e9charger<\/a><\/div>\n\n\n\n<p>Aux c\u00f4t\u00e9s de la Ministre en charge des collectivit\u00e9s locales, outre son pr\u00e9d\u00e9cesseur Jo\u00ebl GIRAUD, le s\u00e9nateur centriste du Cantal, Bernard DELCROS, a \u00e9labor\u00e9 les nouveaux crit\u00e8res pour b\u00e9n\u00e9ficier de cette dotation d\u00e9sormais significative. Significative car, par exemple, dans les Hautes-Alpes, 107 communes (sur 162) vont se partager pr\u00e8s de 2,5 millions d&rsquo;euros contre 700 000 en 2023 car les communes de montagne, dont la biodiversit\u00e9 est importante, sont donc les principales b\u00e9n\u00e9ficiaires.<\/p>\n\n\n\n<p><strong>Quelles modifications en 2024 ?<\/strong><\/p>\n\n\n\n<p>Tout d&rsquo;abord, seules les communes rurales sont d\u00e9sormais \u00e9ligibles. Cela exclue quelques grandes villes comme celles du parc des Calanques dans les Bouches du Rh\u00f4ne, qui est enti\u00e8rement situ\u00e9 dans la m\u00e9tropole d&rsquo;Aix-Marseille.<\/p>\n\n\n\n<p>Autre nouveaut\u00e9, tous les classements nationaux sont d\u00e9sormais trait\u00e9s \u00e0 \u00e9galit\u00e9. \u00catre dans un parc national, un site naturel class\u00e9, ou un parc r\u00e9gional comme dans une zone Natura 2000 rel\u00e8vera de la m\u00eame dotation. Et cette dotation privil\u00e9giera d\u00e9sormais la superficie concern\u00e9e \u00e0 la population de la commune, car c&rsquo;est bien le fait de g\u00e9rer un espace naturel important qui est une charge pour les toutes petites communes.<\/p>\n\n\n\n<p><strong>100 000 euros maximum<\/strong>.<\/p>\n\n\n\n<p>Quatre communes seront \u00e0 ce titre au maximum de la dotation : Abri\u00e8s-Ristolas, N\u00e9vache, Pelvoux Vallouise et la Chapelle en Valgaudemar. D&rsquo;autres communes, Villar d&rsquo;Ar\u00e8ne et Le Mon\u00eatier les Bains fr\u00f4lent ce seuil.<\/p>\n\n\n\n<p>Au-del\u00e0 des \u00ab\u00a0grands b\u00e9n\u00e9ficiaires\u00a0\u00bb (16 communes \u00e0 plus de 40 000 euros) de petites collectivit\u00e9s par exemple dans le parc r\u00e9gional des Baronnies vont voir leur quotidien am\u00e9lior\u00e9 : Val Bu\u00ebch M\u00e9ouge avec 35 500 euros par an, Rosans&nbsp;\u00e0 14 359 euros, Valdoule \u00e0 25 900 euros.<\/p>\n\n\n\n<p>Bref, la dotation de biodiversit\u00e9 devient la vraie dotation de p\u00e9r\u00e9quation pour les am\u00e9nit\u00e9s rurales, souvent tr\u00e8s au-del\u00e0 de la dotation de solidarit\u00e9 rurale.<\/p>\n\n\n\n<p><strong>Le versement interviendra cet \u00e9t\u00e9<\/strong><\/p>\n\n\n\n<div class=\"wp-block-group is-nowrap is-layout-flex wp-container-core-group-is-layout-ad2f72ca wp-block-group-is-layout-flex\">\n<div class=\"wp-block-group is-nowrap is-layout-flex wp-container-core-group-is-layout-64989fb1 wp-block-group-is-layout-flex\">\n<figure class=\"wp-block-image size-full is-resized\"><img loading=\"lazy\" decoding=\"async\" width=\"531\" height=\"429\" src=\"http:\/\/joelgirauddepute.fr\/wp-content\/uploads\/2024\/05\/image.jpeg\" alt=\"L\u2019attribut alt de cette image est vide, son nom de fichier est D.-Faure-et-J.-Giraud-a-lAN-Mai-2024-1.jpg.\" class=\"wp-image-8540\" style=\"width:428px;height:auto\" srcset=\"http:\/\/joelgirauddepute.fr\/wp-content\/uploads\/2024\/05\/image.jpeg 531w, http:\/\/joelgirauddepute.fr\/wp-content\/uploads\/2024\/05\/image-300x242.jpeg 300w\" sizes=\"auto, (max-width: 531px) 100vw, 531px\" \/><figcaption class=\"wp-element-caption\"><em><strong>Madame la Ministre Dominique Faure (au milieu) et M. le Ministre Jo\u00ebl Giraud (\u00e0 gauche) en Commission des finances \u00e0 l&rsquo;Assembl\u00e9e nationale (Mai 2024)<\/strong><\/em><\/figcaption><\/figure>\n\n\n\n<div class=\"wp-block-group is-vertical is-layout-flex wp-container-core-group-is-layout-8cf370e7 wp-block-group-is-layout-flex\">\n<p>Le d\u00e9cret pr\u00e9voyant le compl\u00e9ment de dotation a \u00e9t\u00e9 transmis tardivement au Conseil d&rsquo;Etat, il faudra donc patienter jusqu&rsquo;en juillet (voire ao\u00fbt) pour percevoir les sommes.<\/p>\n\n\n\n<p>En commission des finances, Jo\u00ebl GIRAUD a demand\u00e9 \u00e0 la ministre de revenir \u00e0 un versement simultan\u00e9 avec la dotation globale de fonctionnement (en mars) pour que les communes puissent fixer leurs taux de fiscalit\u00e9 en pleine connaissance de cause.<\/p>\n<\/div>\n<\/div>\n<\/div>\n","protected":false},"excerpt":{"rendered":"<div class=\"mh-excerpt\"><p>Cr\u00e9\u00e9e par Jo\u00ebl GIRAUD lorsqu&rsquo;il \u00e9tait rapporteur g\u00e9n\u00e9ral du budget, amplifi\u00e9e lorsqu&rsquo;il \u00e9tait ministre, la dotation de biodiversit\u00e9 va atteindre sa vitesse de croisi\u00e8re avec un nouveau seuil de 100 millions d&rsquo;euros en 2024.<\/p>\n<\/div>","protected":false},"author":1,"featured_media":8543,"comment_status":"closed","ping_status":"closed","sticky":false,"template":"","format":"standard","meta":{"footnotes":""},"categories":[4,12,6,29,37,38,43,24,1],"tags":[95,46,65],"class_list":["post-8535","post","type-post","status-publish","format-standard","has-post-thumbnail","hentry","category-circo","category-collectivites-locales","category-communiques","category-developpement-durable","category-economie","category-entreprise","category-hautes-alpes","category-montagne","category-non-classe","tag-biodiversite","tag-joel-giraud","tag-montagne"],"jetpack_featured_media_url":"http:\/\/joelgirauddepute.fr\/wp-content\/uploads\/2024\/05\/Nevache-imageonline.co-merged-2.png","jetpack_sharing_enabled":true,"jetpack_shortlink":"https:\/\/wp.me\/pabfdt-2dF","_links":{"self":[{"href":"http:\/\/joelgirauddepute.fr\/index.php\/wp-json\/wp\/v2\/posts\/8535","targetHints":{"allow":["GET"]}}],"collection":[{"href":"http:\/\/joelgirauddepute.fr\/index.php\/wp-json\/wp\/v2\/posts"}],"about":[{"href":"http:\/\/joelgirauddepute.fr\/index.php\/wp-json\/wp\/v2\/types\/post"}],"author":[{"embeddable":true,"href":"http:\/\/joelgirauddepute.fr\/index.php\/wp-json\/wp\/v2\/users\/1"}],"replies":[{"embeddable":true,"href":"http:\/\/joelgirauddepute.fr\/index.php\/wp-json\/wp\/v2\/comments?post=8535"}],"version-history":[{"count":5,"href":"http:\/\/joelgirauddepute.fr\/index.php\/wp-json\/wp\/v2\/posts\/8535\/revisions"}],"predecessor-version":[{"id":8564,"href":"http:\/\/joelgirauddepute.fr\/index.php\/wp-json\/wp\/v2\/posts\/8535\/revisions\/8564"}],"wp:featuredmedia":[{"embeddable":true,"href":"http:\/\/joelgirauddepute.fr\/index.php\/wp-json\/wp\/v2\/media\/8543"}],"wp:attachment":[{"href":"http:\/\/joelgirauddepute.fr\/index.php\/wp-json\/wp\/v2\/media?parent=8535"}],"wp:term":[{"taxonomy":"category","embeddable":true,"href":"http:\/\/joelgirauddepute.fr\/index.php\/wp-json\/wp\/v2\/categories?post=8535"},{"taxonomy":"post_tag","embeddable":true,"href":"http:\/\/joelgirauddepute.fr\/index.php\/wp-json\/wp\/v2\/tags?post=8535"}],"curies":[{"name":"wp","href":"https:\/\/api.w.org\/{rel}","templated":true}]}}