{"id":8428,"date":"2024-04-18T18:13:05","date_gmt":"2024-04-18T16:13:05","guid":{"rendered":"http:\/\/joelgirauddepute.fr\/?p=8428"},"modified":"2024-04-19T10:32:51","modified_gmt":"2024-04-19T08:32:51","slug":"ukraine-les-etats-unis-ne-doivent-pas-abandonner-le-combat","status":"publish","type":"post","link":"http:\/\/joelgirauddepute.fr\/index.php\/2024\/04\/18\/ukraine-les-etats-unis-ne-doivent-pas-abandonner-le-combat\/","title":{"rendered":"Ukraine : les Etats-Unis ne doivent pas abandonner le combat"},"content":{"rendered":"\n<p>Apr\u00e8s des mois d\u2019atermoiements, la Chambre des repr\u00e9sentants des Etats-Unis doit voter ce samedi 20 avril sur l\u2019allocation de fonds pour aider l\u2019Ukraine.<\/p>\n\n\n\n<p>L\u2019enjeu est capital.<\/p>\n\n\n\n<p>D&rsquo;une part, pour nos partenaires ukrainiens, en difficult\u00e9 sur le terrain et qui redoutent d\u2019\u00eatre abandonn\u00e9s par les Etats-Unis.<\/p>\n\n\n\n<p>D&rsquo;autre part, pour les europ\u00e9ens, qui auraient \u00e0 faire face seuls \u00e0 l&rsquo;effort de guerre impos\u00e9 par la Russie.<\/p>\n\n\n\n<p>A l&rsquo;initiative de mon coll\u00e8gue et ami Bertrand Bouyx, pr\u00e9sident de la d\u00e9l\u00e9gation fran\u00e7aise au Conseil de l&rsquo;Europe, nous sommes une cinquantaine de d\u00e9put\u00e9s fran\u00e7ais \u00e0 cosigner un courrier \u00e0 l&rsquo;adresse de nos homologues am\u00e9ricains pour leur demander de ne pas abandonner l&rsquo;Ukraine.<\/p>\n\n\n\n<p>Mon obsession n&rsquo;est pas la victoire ukrainienne, mais la d\u00e9faite de la Russie de Vladimir Poutine et la victoire du camp des d\u00e9mocraties.<\/p>\n\n\n\n<p>Si je crois fermement au projet europ\u00e9en et appelle de mes voeux davantage d&rsquo;autonomie europ\u00e9enne, et notamment un en mati\u00e8re de d\u00e9fense, je crois tout autant \u00e0 la n\u00e9cessit\u00e9 d&rsquo;un partenariat Nord-Atlantique fort. Il n&rsquo;y a l\u00e0 aucune incompatibilit\u00e9.<\/p>\n\n\n\n<p>Le combat en Ukraine n&rsquo;est pas le combat des seuls ukrainiens. Il n&rsquo;est pas non plus le combat des seuls europ\u00e9ens qui, apr\u00e8s l&rsquo;Ukraine, craignent pour leurs d\u00e9mocraties. Il est le combat de toutes celles et tous ceux qui refusent aux d\u00e9mocraties lib\u00e9rales le sort que Vladimir Poutine leur r\u00e9serve.<\/p>\n\n\n\n<p>Amis et coll\u00e8gues am\u00e9ricains, une fois encore, ne laissez pas tomber l&rsquo;Ukraine et l&rsquo;Europe.<\/p>\n\n\n\n<div class=\"wp-block-group is-vertical is-layout-flex wp-container-core-group-is-layout-8cf370e7 wp-block-group-is-layout-flex\">\n<div class=\"wp-block-group is-vertical is-layout-flex wp-container-core-group-is-layout-8cf370e7 wp-block-group-is-layout-flex\">\n<div class=\"wp-block-group\"><div class=\"wp-block-group__inner-container is-layout-constrained wp-block-group-is-layout-constrained\">\n<div class=\"wp-block-group is-vertical is-layout-flex wp-container-core-group-is-layout-8cf370e7 wp-block-group-is-layout-flex\">\n<div class=\"wp-block-group is-vertical is-layout-flex wp-container-core-group-is-layout-8cf370e7 wp-block-group-is-layout-flex\">\n<p>\u00ab\u00a0Quand je serai mort, mettez-moi<\/p>\n\n\n\n<p>Dans le tertre qui sert de tombe<\/p>\n\n\n\n<p>Au milieu de la plaine immense,<\/p>\n\n\n\n<p>Dans mon Ukraine bien-aim\u00e9e,<\/p>\n\n\n\n<p>Pour que je voie les champs sans fin,<\/p>\n\n\n\n<p>Le Dniepr et ses rives abruptes,<\/p>\n<\/div>\n\n\n\n<p>Et que je l\u2019entende mugir.\u00a0\u00bb<\/p>\n<\/div>\n<\/div><\/div>\n<\/div>\n<\/div>\n\n\n\n<p>Taras Chevtchenko, 1845<\/p>\n\n\n\n<figure class=\"wp-block-image size-large\"><img loading=\"lazy\" decoding=\"async\" width=\"1024\" height=\"724\" src=\"http:\/\/joelgirauddepute.fr\/wp-content\/uploads\/2024\/04\/CourriersoutienalUkraine_page-0002-imageonline.co-merged-1024x724.png\" alt=\"\" class=\"wp-image-8431\" srcset=\"http:\/\/joelgirauddepute.fr\/wp-content\/uploads\/2024\/04\/CourriersoutienalUkraine_page-0002-imageonline.co-merged-1024x724.png 1024w, http:\/\/joelgirauddepute.fr\/wp-content\/uploads\/2024\/04\/CourriersoutienalUkraine_page-0002-imageonline.co-merged-300x212.png 300w, http:\/\/joelgirauddepute.fr\/wp-content\/uploads\/2024\/04\/CourriersoutienalUkraine_page-0002-imageonline.co-merged-768x543.png 768w, http:\/\/joelgirauddepute.fr\/wp-content\/uploads\/2024\/04\/CourriersoutienalUkraine_page-0002-imageonline.co-merged-1536x1086.png 1536w, http:\/\/joelgirauddepute.fr\/wp-content\/uploads\/2024\/04\/CourriersoutienalUkraine_page-0002-imageonline.co-merged-2048x1448.png 2048w\" sizes=\"auto, (max-width: 1024px) 100vw, 1024px\" \/><\/figure>\n\n\n<div class=\"wp-block-image\">\n<figure class=\"aligncenter is-resized\"><img decoding=\"async\" src=\"blob:http:\/\/joelgirauddepute.fr\/ed711511-9791-4fa9-bd33-03087b50d1fd\" alt=\"image0.jpeg\" style=\"width:396px;height:auto\"\/><figcaption class=\"wp-element-caption\">ALPES 1 MAG : <a href=\"https:\/\/alpesdusud.alpes1.com\/news\/hautes-alpes\/102971\/hautes-alpes-joel-giraud-cosignataire-d-un-courrier-sur-l-ukraine-a-destination-des-etats-unis\">https:\/\/alpesdusud.alpes1.com\/news\/hautes-alpes\/102971\/hautes-alpes-joel-giraud-cosignataire-d-un-courrier-sur-l-ukraine-a-destination-des-etats-unis<\/a><\/figcaption><\/figure>\n<\/div>","protected":false},"excerpt":{"rendered":"<div class=\"mh-excerpt\"><p>Apr\u00e8s des mois d\u2019atermoiements, la Chambre des repr\u00e9sentants des Etats-Unis doit voter ce samedi 20 avril sur l\u2019allocation de fonds pour aider l\u2019Ukraine. L\u2019enjeu est <a class=\"mh-excerpt-more\" href=\"http:\/\/joelgirauddepute.fr\/index.php\/2024\/04\/18\/ukraine-les-etats-unis-ne-doivent-pas-abandonner-le-combat\/\" title=\"Ukraine : les Etats-Unis ne doivent pas abandonner le combat\">[&#8230;]<\/a><\/p>\n<\/div>","protected":false},"author":1,"featured_media":8432,"comment_status":"closed","ping_status":"closed","sticky":false,"template":"","format":"standard","meta":{"footnotes":""},"categories":[6,33,44,32],"tags":[],"class_list":["post-8428","post","type-post","status-publish","format-standard","has-post-thumbnail","hentry","category-communiques","category-europe","category-international","category-societe"],"jetpack_featured_media_url":"http:\/\/joelgirauddepute.fr\/wp-content\/uploads\/2024\/04\/Ukraine-USA-Eu.jpg","jetpack_sharing_enabled":true,"jetpack_shortlink":"https:\/\/wp.me\/pabfdt-2bW","_links":{"self":[{"href":"http:\/\/joelgirauddepute.fr\/index.php\/wp-json\/wp\/v2\/posts\/8428","targetHints":{"allow":["GET"]}}],"collection":[{"href":"http:\/\/joelgirauddepute.fr\/index.php\/wp-json\/wp\/v2\/posts"}],"about":[{"href":"http:\/\/joelgirauddepute.fr\/index.php\/wp-json\/wp\/v2\/types\/post"}],"author":[{"embeddable":true,"href":"http:\/\/joelgirauddepute.fr\/index.php\/wp-json\/wp\/v2\/users\/1"}],"replies":[{"embeddable":true,"href":"http:\/\/joelgirauddepute.fr\/index.php\/wp-json\/wp\/v2\/comments?post=8428"}],"version-history":[{"count":3,"href":"http:\/\/joelgirauddepute.fr\/index.php\/wp-json\/wp\/v2\/posts\/8428\/revisions"}],"predecessor-version":[{"id":8436,"href":"http:\/\/joelgirauddepute.fr\/index.php\/wp-json\/wp\/v2\/posts\/8428\/revisions\/8436"}],"wp:featuredmedia":[{"embeddable":true,"href":"http:\/\/joelgirauddepute.fr\/index.php\/wp-json\/wp\/v2\/media\/8432"}],"wp:attachment":[{"href":"http:\/\/joelgirauddepute.fr\/index.php\/wp-json\/wp\/v2\/media?parent=8428"}],"wp:term":[{"taxonomy":"category","embeddable":true,"href":"http:\/\/joelgirauddepute.fr\/index.php\/wp-json\/wp\/v2\/categories?post=8428"},{"taxonomy":"post_tag","embeddable":true,"href":"http:\/\/joelgirauddepute.fr\/index.php\/wp-json\/wp\/v2\/tags?post=8428"}],"curies":[{"name":"wp","href":"https:\/\/api.w.org\/{rel}","templated":true}]}}