{"id":8411,"date":"2024-04-16T16:28:32","date_gmt":"2024-04-16T14:28:32","guid":{"rendered":"http:\/\/joelgirauddepute.fr\/?p=8411"},"modified":"2024-04-16T16:28:33","modified_gmt":"2024-04-16T14:28:33","slug":"il-faut-sauver-julian-assange","status":"publish","type":"post","link":"http:\/\/joelgirauddepute.fr\/index.php\/2024\/04\/16\/il-faut-sauver-julian-assange\/","title":{"rendered":"Il faut sauver Julian Assange !"},"content":{"rendered":"\n<p>A l&rsquo;initiative de mon ami et ancien d\u00e9put\u00e9 C\u00e9dric Villani, j&rsquo;ai rencontr\u00e9 cette semaine en marge de l&rsquo;Assembl\u00e9e parlementaire du Conseil de l&rsquo;Europe (APCE) l&rsquo;\u00e9quipe d&rsquo;avocats en charge des recours \u00e0 la Cour europ\u00e9enne des Droits de l&rsquo;Homme de M. Julian Assange.<\/p>\n\n\n\n<p>Etaient pr\u00e9sents \u00e0 mes c\u00f4t\u00e9s mes coll\u00e8gues Mireille Clapot et Bertrand Bouyx, pr\u00e9sident de la d\u00e9l\u00e9gation fran\u00e7aise \u00e0 l&rsquo;APCE. Je les en remercie.<\/p>\n\n\n\n<p><strong>A mon humble \u00e9chelle, j&rsquo;ai souhait\u00e9 apporter mon soutien \u00e0 M. Julian Assange en<\/strong> <strong>parrainant sa candidature au Prix des Droits de l&rsquo;Homme &#8211; V\u00e1clav Havel du Conseil de<\/strong> <strong>l&rsquo;Europe.<\/strong><\/p>\n\n\n\n<figure class=\"wp-block-image size-large\"><img loading=\"lazy\" decoding=\"async\" width=\"1024\" height=\"462\" src=\"http:\/\/joelgirauddepute.fr\/wp-content\/uploads\/2024\/04\/IMAGE-2024-04-16-162455-1024x462.jpg\" alt=\"\" class=\"wp-image-8412\" srcset=\"http:\/\/joelgirauddepute.fr\/wp-content\/uploads\/2024\/04\/IMAGE-2024-04-16-162455-1024x462.jpg 1024w, http:\/\/joelgirauddepute.fr\/wp-content\/uploads\/2024\/04\/IMAGE-2024-04-16-162455-300x135.jpg 300w, http:\/\/joelgirauddepute.fr\/wp-content\/uploads\/2024\/04\/IMAGE-2024-04-16-162455-768x346.jpg 768w, http:\/\/joelgirauddepute.fr\/wp-content\/uploads\/2024\/04\/IMAGE-2024-04-16-162455.jpg 1280w\" sizes=\"auto, (max-width: 1024px) 100vw, 1024px\" \/><\/figure>\n\n\n\n<p>Ce prix permettrait de rappeler \u00e0 l&rsquo;opinion publique l&rsquo;existence du cas Assange.<\/p>\n\n\n\n<p>Priv\u00e9 de libert\u00e9 depuis 2010, reclus faute de mieux et en libert\u00e9 surveill\u00e9e dans l&rsquo;Ambassade d&rsquo;Equateur \u00e0 Londres de 2012 \u00e0 2019, Julian Assange vit enferm\u00e9 depuis cette date dans la prison de Belmarsh \u00e0 l&rsquo;Est de Londres. La proc\u00e9dure d extradition vers les USA o\u00f9 il risque 175 ans de prison est d\u00e9sormais enclench\u00e9e. <\/p>\n\n\n\n<p>Depuis pr\u00e8s de 14 ans, donc, Julian Assange vit priv\u00e9 de ses droits et libert\u00e9s.<\/p>\n\n\n\n<p>Son crime : avoir inform\u00e9 avec la plateforme Wikileaks le monde entier sur la d\u00e9sinformation am\u00e9ricaine concernant la guerre contre l&rsquo;Irak.<\/p>\n\n\n\n<p>C&rsquo;est tout l&rsquo;esprit de l&rsquo;article 6 de la Convention de sauvegarde des droits de l&rsquo;Homme et des libert\u00e9s fondamentales du Conseil de l&rsquo;Europe que je tiens \u00e0 rappeler : \u00ab\u00a0<em>Toute personne a<\/em> <em>droit \u00e0 ce que sa cause soit entendue \u00e9quitablement, publiquement et dans un d\u00e9lai<\/em> <em>raisonnable<\/em>\u00ab\u00a0. Sans le crit\u00e8re du d\u00e9lai raisonnable, la peine pr\u00e9c\u00e8de la condamnation et justice n&rsquo;est plus faite.<\/p>\n\n\n\n<p>Plus que jamais, les Etats membres du Conseil de l&rsquo;Europe doivent incarner un r\u00f4le exemplaire en mati\u00e8re de sauvegarde des Droits de l&rsquo;Homme et des libert\u00e9s fondamentales. Il en va de notre cr\u00e9dibilit\u00e9.<\/p>\n","protected":false},"excerpt":{"rendered":"<div class=\"mh-excerpt\"><p>A l&rsquo;initiative de mon ami et ancien d\u00e9put\u00e9 C\u00e9dric Villani, j&rsquo;ai rencontr\u00e9 cette semaine en marge de l&rsquo;Assembl\u00e9e parlementaire du Conseil de l&rsquo;Europe (APCE) l&rsquo;\u00e9quipe <a class=\"mh-excerpt-more\" href=\"http:\/\/joelgirauddepute.fr\/index.php\/2024\/04\/16\/il-faut-sauver-julian-assange\/\" title=\"Il faut sauver Julian Assange !\">[&#8230;]<\/a><\/p>\n<\/div>","protected":false},"author":1,"featured_media":8413,"comment_status":"closed","ping_status":"closed","sticky":false,"template":"","format":"standard","meta":{"footnotes":""},"categories":[1],"tags":[],"class_list":["post-8411","post","type-post","status-publish","format-standard","has-post-thumbnail","hentry","category-non-classe"],"jetpack_featured_media_url":"http:\/\/joelgirauddepute.fr\/wp-content\/uploads\/2024\/04\/julian-assange-condamne-a-50-semaines-de-prison-pour-s-etre-refugie-a-l-ambassade-d-equateur-de-londres.jpg","jetpack_sharing_enabled":true,"jetpack_shortlink":"https:\/\/wp.me\/pabfdt-2bF","_links":{"self":[{"href":"http:\/\/joelgirauddepute.fr\/index.php\/wp-json\/wp\/v2\/posts\/8411","targetHints":{"allow":["GET"]}}],"collection":[{"href":"http:\/\/joelgirauddepute.fr\/index.php\/wp-json\/wp\/v2\/posts"}],"about":[{"href":"http:\/\/joelgirauddepute.fr\/index.php\/wp-json\/wp\/v2\/types\/post"}],"author":[{"embeddable":true,"href":"http:\/\/joelgirauddepute.fr\/index.php\/wp-json\/wp\/v2\/users\/1"}],"replies":[{"embeddable":true,"href":"http:\/\/joelgirauddepute.fr\/index.php\/wp-json\/wp\/v2\/comments?post=8411"}],"version-history":[{"count":1,"href":"http:\/\/joelgirauddepute.fr\/index.php\/wp-json\/wp\/v2\/posts\/8411\/revisions"}],"predecessor-version":[{"id":8414,"href":"http:\/\/joelgirauddepute.fr\/index.php\/wp-json\/wp\/v2\/posts\/8411\/revisions\/8414"}],"wp:featuredmedia":[{"embeddable":true,"href":"http:\/\/joelgirauddepute.fr\/index.php\/wp-json\/wp\/v2\/media\/8413"}],"wp:attachment":[{"href":"http:\/\/joelgirauddepute.fr\/index.php\/wp-json\/wp\/v2\/media?parent=8411"}],"wp:term":[{"taxonomy":"category","embeddable":true,"href":"http:\/\/joelgirauddepute.fr\/index.php\/wp-json\/wp\/v2\/categories?post=8411"},{"taxonomy":"post_tag","embeddable":true,"href":"http:\/\/joelgirauddepute.fr\/index.php\/wp-json\/wp\/v2\/tags?post=8411"}],"curies":[{"name":"wp","href":"https:\/\/api.w.org\/{rel}","templated":true}]}}