{"id":8385,"date":"2024-04-12T18:00:00","date_gmt":"2024-04-12T16:00:00","guid":{"rendered":"http:\/\/joelgirauddepute.fr\/?p=8385"},"modified":"2024-04-12T23:07:46","modified_gmt":"2024-04-12T21:07:46","slug":"en-montagne-plus-quailleurs-lacces-aux-soins-est-une-necessite","status":"publish","type":"post","link":"http:\/\/joelgirauddepute.fr\/index.php\/2024\/04\/12\/en-montagne-plus-quailleurs-lacces-aux-soins-est-une-necessite\/","title":{"rendered":"En montagne plus qu&rsquo;ailleurs, l&rsquo;acc\u00e8s aux soins est une n\u00e9cessit\u00e9 \u2026\u00a0"},"content":{"rendered":"\n<p>Impossible de p\u00e9renniser la pr\u00e9sence de m\u00e9decins en montagne ? Ce n&rsquo;est pas l&rsquo;avis d&rsquo;Emeric Salle, Maire de La Salle les Alpes, o\u00f9 je me suis rendu sur son invitation \u00e0 l&rsquo;inauguration de la nouvelle maison pluridisciplinaire de sant\u00e9 du Pontillas !<\/p>\n\n\n\n<p>Depuis le d\u00e9part de deux praticiens, dont un \u00e0 la retraite, il n&rsquo;y avait plus aucun m\u00e9decin g\u00e9n\u00e9raliste dans la commune.&nbsp;<\/p>\n\n\n\n<p>Aujourd&rsquo;hui, ce p\u00f4le m\u00e9dical compte 400 m2 de locaux, trois cabinets m\u00e9dicaux, une salle d&rsquo;urgence, un cabinet infirmier, une salle de pl\u00e2tre et une salle de radiologie.&nbsp;<\/p>\n\n\n\n<p>Toutes mes f\u00e9licitations aux porteurs du projet pour ce bel exemple : la promesse est tenue !<\/p>\n\n\n\n<figure class=\"wp-block-image size-large\"><img loading=\"lazy\" decoding=\"async\" width=\"1024\" height=\"682\" src=\"http:\/\/joelgirauddepute.fr\/wp-content\/uploads\/2024\/04\/IMAGE-2024-04-12-230645-1024x682.jpg\" alt=\"\" class=\"wp-image-8392\" srcset=\"http:\/\/joelgirauddepute.fr\/wp-content\/uploads\/2024\/04\/IMAGE-2024-04-12-230645-1024x682.jpg 1024w, http:\/\/joelgirauddepute.fr\/wp-content\/uploads\/2024\/04\/IMAGE-2024-04-12-230645-300x200.jpg 300w, http:\/\/joelgirauddepute.fr\/wp-content\/uploads\/2024\/04\/IMAGE-2024-04-12-230645-768x512.jpg 768w, http:\/\/joelgirauddepute.fr\/wp-content\/uploads\/2024\/04\/IMAGE-2024-04-12-230645.jpg 1280w\" sizes=\"auto, (max-width: 1024px) 100vw, 1024px\" \/><\/figure>\n","protected":false},"excerpt":{"rendered":"<div class=\"mh-excerpt\"><p>Impossible de p\u00e9renniser la pr\u00e9sence de m\u00e9decins en montagne ? Ce n&rsquo;est pas l&rsquo;avis d&rsquo;Emeric Salle, Maire de La Salle les Alpes, o\u00f9 je me <a class=\"mh-excerpt-more\" href=\"http:\/\/joelgirauddepute.fr\/index.php\/2024\/04\/12\/en-montagne-plus-quailleurs-lacces-aux-soins-est-une-necessite\/\" title=\"En montagne plus qu&rsquo;ailleurs, l&rsquo;acc\u00e8s aux soins est une n\u00e9cessit\u00e9 \u2026\u00a0\">[&#8230;]<\/a><\/p>\n<\/div>","protected":false},"author":1,"featured_media":8387,"comment_status":"closed","ping_status":"closed","sticky":false,"template":"","format":"standard","meta":{"footnotes":""},"categories":[4,12,43,27,24],"tags":[],"class_list":["post-8385","post","type-post","status-publish","format-standard","has-post-thumbnail","hentry","category-circo","category-collectivites-locales","category-hautes-alpes","category-inauguration","category-montagne"],"jetpack_featured_media_url":"http:\/\/joelgirauddepute.fr\/wp-content\/uploads\/2024\/04\/IMAGE-2024-04-12-175849.jpg","jetpack_sharing_enabled":true,"jetpack_shortlink":"https:\/\/wp.me\/pabfdt-2bf","_links":{"self":[{"href":"http:\/\/joelgirauddepute.fr\/index.php\/wp-json\/wp\/v2\/posts\/8385","targetHints":{"allow":["GET"]}}],"collection":[{"href":"http:\/\/joelgirauddepute.fr\/index.php\/wp-json\/wp\/v2\/posts"}],"about":[{"href":"http:\/\/joelgirauddepute.fr\/index.php\/wp-json\/wp\/v2\/types\/post"}],"author":[{"embeddable":true,"href":"http:\/\/joelgirauddepute.fr\/index.php\/wp-json\/wp\/v2\/users\/1"}],"replies":[{"embeddable":true,"href":"http:\/\/joelgirauddepute.fr\/index.php\/wp-json\/wp\/v2\/comments?post=8385"}],"version-history":[{"count":3,"href":"http:\/\/joelgirauddepute.fr\/index.php\/wp-json\/wp\/v2\/posts\/8385\/revisions"}],"predecessor-version":[{"id":8393,"href":"http:\/\/joelgirauddepute.fr\/index.php\/wp-json\/wp\/v2\/posts\/8385\/revisions\/8393"}],"wp:featuredmedia":[{"embeddable":true,"href":"http:\/\/joelgirauddepute.fr\/index.php\/wp-json\/wp\/v2\/media\/8387"}],"wp:attachment":[{"href":"http:\/\/joelgirauddepute.fr\/index.php\/wp-json\/wp\/v2\/media?parent=8385"}],"wp:term":[{"taxonomy":"category","embeddable":true,"href":"http:\/\/joelgirauddepute.fr\/index.php\/wp-json\/wp\/v2\/categories?post=8385"},{"taxonomy":"post_tag","embeddable":true,"href":"http:\/\/joelgirauddepute.fr\/index.php\/wp-json\/wp\/v2\/tags?post=8385"}],"curies":[{"name":"wp","href":"https:\/\/api.w.org\/{rel}","templated":true}]}}