{"id":8328,"date":"2024-03-09T08:00:00","date_gmt":"2024-03-09T07:00:00","guid":{"rendered":"http:\/\/joelgirauddepute.fr\/?p=8328"},"modified":"2024-03-08T19:23:00","modified_gmt":"2024-03-08T18:23:00","slug":"9-mars-lancement-de-notre-campagne-des-europeennes-2024","status":"publish","type":"post","link":"http:\/\/joelgirauddepute.fr\/index.php\/2024\/03\/09\/9-mars-lancement-de-notre-campagne-des-europeennes-2024\/","title":{"rendered":"9 mars : lancement de notre campagne des Europeennes 2024"},"content":{"rendered":"\n<p>Le Parti Radical pr\u00e9sente les propositions de son Manifeste europ\u00e9en. Aujourd\u2019hui le d\u00e9put\u00e9 Jo\u00ebl GIRAUD d\u00e9fend une Europe des territoires, concr\u00e8te et mieux int\u00e9gr\u00e9e.<\/p>\n\n\n\n<div class=\"wp-block-file\"><a id=\"wp-block-file--media-38bc822c-6605-4f60-875f-9efb3c8636f5\" href=\"http:\/\/joelgirauddepute.fr\/wp-content\/uploads\/2024\/03\/video-JoEl-GIRAUD-Manifeste-europeen-Parti-Radical-280224.mp4\">video-JoEl-GIRAUD-Manifeste-europeen-Parti-Radical-280224<\/a><a href=\"http:\/\/joelgirauddepute.fr\/wp-content\/uploads\/2024\/03\/video-JoEl-GIRAUD-Manifeste-europeen-Parti-Radical-280224.mp4\" class=\"wp-block-file__button wp-element-button\" download aria-describedby=\"wp-block-file--media-38bc822c-6605-4f60-875f-9efb3c8636f5\">T\u00e9l\u00e9charger<\/a><\/div>\n\n\n\n<p>Communiqu\u00e9 du Parti Radical : Une souverainet\u00e9 europ\u00e9enne, vite ! <br><\/p>\n\n\n\n<p><a href=\"https:\/\/parti-radical.fr\/actualite\/communique-une-souverainete-europeenne-vite\/\">https:\/\/parti-radical.fr\/actualite\/communique-une-souverainete-europeenne-vite\/<\/a><\/p>\n","protected":false},"excerpt":{"rendered":"<div class=\"mh-excerpt\"><p>Le Parti Radical pr\u00e9sente les propositions de son Manifeste europ\u00e9en. Aujourd\u2019hui le d\u00e9put\u00e9 Jo\u00ebl GIRAUD d\u00e9fend une Europe des territoires, concr\u00e8te et mieux int\u00e9gr\u00e9e. Communiqu\u00e9 <a class=\"mh-excerpt-more\" href=\"http:\/\/joelgirauddepute.fr\/index.php\/2024\/03\/09\/9-mars-lancement-de-notre-campagne-des-europeennes-2024\/\" title=\"9 mars : lancement de notre campagne des Europeennes 2024\">[&#8230;]<\/a><\/p>\n<\/div>","protected":false},"author":1,"featured_media":8330,"comment_status":"closed","ping_status":"closed","sticky":false,"template":"","format":"standard","meta":{"footnotes":""},"categories":[6,33,1],"tags":[],"class_list":["post-8328","post","type-post","status-publish","format-standard","has-post-thumbnail","hentry","category-communiques","category-europe","category-non-classe"],"jetpack_featured_media_url":"http:\/\/joelgirauddepute.fr\/wp-content\/uploads\/2024\/03\/elections-europeennes.jpg","jetpack_sharing_enabled":true,"jetpack_shortlink":"https:\/\/wp.me\/pabfdt-2ak","_links":{"self":[{"href":"http:\/\/joelgirauddepute.fr\/index.php\/wp-json\/wp\/v2\/posts\/8328","targetHints":{"allow":["GET"]}}],"collection":[{"href":"http:\/\/joelgirauddepute.fr\/index.php\/wp-json\/wp\/v2\/posts"}],"about":[{"href":"http:\/\/joelgirauddepute.fr\/index.php\/wp-json\/wp\/v2\/types\/post"}],"author":[{"embeddable":true,"href":"http:\/\/joelgirauddepute.fr\/index.php\/wp-json\/wp\/v2\/users\/1"}],"replies":[{"embeddable":true,"href":"http:\/\/joelgirauddepute.fr\/index.php\/wp-json\/wp\/v2\/comments?post=8328"}],"version-history":[{"count":1,"href":"http:\/\/joelgirauddepute.fr\/index.php\/wp-json\/wp\/v2\/posts\/8328\/revisions"}],"predecessor-version":[{"id":8331,"href":"http:\/\/joelgirauddepute.fr\/index.php\/wp-json\/wp\/v2\/posts\/8328\/revisions\/8331"}],"wp:featuredmedia":[{"embeddable":true,"href":"http:\/\/joelgirauddepute.fr\/index.php\/wp-json\/wp\/v2\/media\/8330"}],"wp:attachment":[{"href":"http:\/\/joelgirauddepute.fr\/index.php\/wp-json\/wp\/v2\/media?parent=8328"}],"wp:term":[{"taxonomy":"category","embeddable":true,"href":"http:\/\/joelgirauddepute.fr\/index.php\/wp-json\/wp\/v2\/categories?post=8328"},{"taxonomy":"post_tag","embeddable":true,"href":"http:\/\/joelgirauddepute.fr\/index.php\/wp-json\/wp\/v2\/tags?post=8328"}],"curies":[{"name":"wp","href":"https:\/\/api.w.org\/{rel}","templated":true}]}}