{"id":8301,"date":"2024-03-01T19:38:44","date_gmt":"2024-03-01T18:38:44","guid":{"rendered":"http:\/\/joelgirauddepute.fr\/?p=8301"},"modified":"2024-03-01T19:38:45","modified_gmt":"2024-03-01T18:38:45","slug":"retraite-des-sapeurs-pompiers-volontaires-et-statut-du-volontariat-joel-giraud-ne-lache-rien","status":"publish","type":"post","link":"http:\/\/joelgirauddepute.fr\/index.php\/2024\/03\/01\/retraite-des-sapeurs-pompiers-volontaires-et-statut-du-volontariat-joel-giraud-ne-lache-rien\/","title":{"rendered":"Retraite des sapeurs-pompiers volontaires et statut du volontariat : Jo\u00ebl Giraud ne l\u00e2che rien."},"content":{"rendered":"\n<p>Plusieurs d\u00e9put\u00e9s de la majorit\u00e9 avaient obtenu une avanc\u00e9e importante pour revaloriser le volontariat chez les sapeurs-pompiers par la prise en compte des ann\u00e9es de volontariat dans le calcul de la retraite<\/p>\n\n\n\n<p>Or le d\u00e9cret pr\u00e9par\u00e9 par le Minist\u00e8re des Finances avait d\u00e9tourn\u00e9 la mesure souhait\u00e9e par les 60 parlementaires \u00e0 l\u2019origine de cet amendement \u00e0 la loi sur les retraites en r\u00e9servant ces points suppl\u00e9mentaires aux seuls volontaires qui avaient d\u00fb arr\u00eater leur carri\u00e8re, ce qui vidait la mesure de son sens et ne concernait plus que quelques sapeurs-pompiers volontaires.<\/p>\n\n\n\n<p>Lors de la Sainte Barbe d\u00e9partementale \u00e0 Guillestre, Jo\u00ebl Giraud avait annonc\u00e9 qu\u2019il ne l\u00e2cherait rien avec le nouveau gouvernement.<\/p>\n\n\n\n<p>Les 60 parlementaires ont \u00e9t\u00e9 entendus et la suite des travaux va dans ce sens. En effet, M. G\u00e9rald DARMANIN, ministre de l&rsquo;Int\u00e9rieur, conform\u00e9ment \u00e0 ses engagements, n&rsquo;a pas sign\u00e9 le d\u00e9cret propos\u00e9, celui-ci ne correspondant pas aux attentes des d\u00e9put\u00e9s concern\u00e9s. Avec l&rsquo;aval du Premier ministre, les travaux pour un nouveau d\u00e9cret ont repris et devraient bient\u00f4t \u00eatre partag\u00e9s avec la f\u00e9d\u00e9ration nationale des sapeurs-pompiers (FNSPF), dans le sens de ce qu&rsquo;ils revendiquent.<\/p>\n\n\n\n<p>Autre sujet et non des moindres est la sp\u00e9cificit\u00e9 fran\u00e7aise d\u00e9fendue par le gouvernement et la FNSPF, de ne pas reconna\u00eetre les sapeurs-pompiers volontaires comme des travailleurs, en d\u00e9saccord avec la directive europ\u00e9enne sur le temps de travail CE 2003-88. Cette particularit\u00e9 participe activement \u00e0 l\u2019\u00e9quilibre du mod\u00e8le fran\u00e7ais de s\u00e9curit\u00e9 civile en permettant un maillage efficient de nos forces sur le terrain ainsi qu\u2019une protection efficace des biens et des personnes.<\/p>\n\n\n\n<p>R\u00e9cemment, le rapport des Inspections g\u00e9n\u00e9rales de l\u2019administration (IGA) sur l&rsquo;activit\u00e9 des SPV a permis d&rsquo;objectiver la situation des SPV. \u00c0 ce titre, le rapport montre que la tr\u00e8s grande majorit\u00e9 d&rsquo;entre eux ne peuvent \u00eatre assimil\u00e9s \u00e0 des travailleurs. Les principales orientations de ce rapport ont d\u2019ailleurs \u00e9t\u00e9 pr\u00e9sent\u00e9es le 17 janvier 2024 au Conseil national des sapeurs-pompiers volontaires. Sur la base de ce rapport la conf\u00e9rence nationale des sapeurs-pompiers volontaires va se r\u00e9unir le 13 mars pour \u00e9tudier les pr\u00e9conisations et d\u00e9finir les axes de travail.<\/p>\n\n\n\n<p>Jo\u00ebl Giraud et ses 60 coll\u00e8gues engag\u00e9s dans ce bras de fer poursuivent donc leur travail, pour permettre aux sapeurs-pompiers volontaires de vivre leur engagement de la meilleure mani\u00e8re possible.&nbsp;&nbsp;&nbsp;&nbsp;&nbsp;&nbsp;&nbsp;&nbsp;&nbsp;&nbsp;&nbsp;&nbsp;&nbsp;&nbsp;&nbsp;&nbsp;&nbsp;&nbsp;&nbsp;&nbsp;&nbsp;&nbsp;&nbsp;&nbsp;&nbsp;&nbsp;&nbsp;&nbsp;&nbsp;&nbsp;&nbsp;&nbsp;&nbsp;&nbsp;&nbsp;&nbsp;&nbsp;&nbsp;&nbsp;&nbsp;&nbsp;&nbsp;&nbsp;&nbsp;&nbsp;&nbsp;&nbsp;&nbsp;&nbsp;&nbsp;&nbsp;&nbsp; &nbsp;&nbsp;&nbsp;&nbsp;&nbsp;&nbsp;&nbsp;&nbsp;&nbsp;&nbsp;&nbsp;&nbsp;&nbsp;&nbsp;<\/p>\n","protected":false},"excerpt":{"rendered":"<div class=\"mh-excerpt\"><p>Plusieurs d\u00e9put\u00e9s de la majorit\u00e9 avaient obtenu une avanc\u00e9e importante pour revaloriser le volontariat chez les sapeurs-pompiers par la prise en compte des ann\u00e9es de <a class=\"mh-excerpt-more\" href=\"http:\/\/joelgirauddepute.fr\/index.php\/2024\/03\/01\/retraite-des-sapeurs-pompiers-volontaires-et-statut-du-volontariat-joel-giraud-ne-lache-rien\/\" title=\"Retraite des sapeurs-pompiers volontaires et statut du volontariat : Jo\u00ebl Giraud ne l\u00e2che rien.\">[&#8230;]<\/a><\/p>\n<\/div>","protected":false},"author":1,"featured_media":8101,"comment_status":"closed","ping_status":"closed","sticky":false,"template":"","format":"standard","meta":{"footnotes":""},"categories":[4,6,37,43,14],"tags":[],"class_list":["post-8301","post","type-post","status-publish","format-standard","has-post-thumbnail","hentry","category-circo","category-communiques","category-economie","category-hautes-alpes","category-interventions-au-gouvernement"],"jetpack_featured_media_url":"http:\/\/joelgirauddepute.fr\/wp-content\/uploads\/2024\/01\/Voeux-SDIS-05-Guillstre-100124-1-e1709318107880.jpg","jetpack_sharing_enabled":true,"jetpack_shortlink":"https:\/\/wp.me\/pabfdt-29T","_links":{"self":[{"href":"http:\/\/joelgirauddepute.fr\/index.php\/wp-json\/wp\/v2\/posts\/8301","targetHints":{"allow":["GET"]}}],"collection":[{"href":"http:\/\/joelgirauddepute.fr\/index.php\/wp-json\/wp\/v2\/posts"}],"about":[{"href":"http:\/\/joelgirauddepute.fr\/index.php\/wp-json\/wp\/v2\/types\/post"}],"author":[{"embeddable":true,"href":"http:\/\/joelgirauddepute.fr\/index.php\/wp-json\/wp\/v2\/users\/1"}],"replies":[{"embeddable":true,"href":"http:\/\/joelgirauddepute.fr\/index.php\/wp-json\/wp\/v2\/comments?post=8301"}],"version-history":[{"count":1,"href":"http:\/\/joelgirauddepute.fr\/index.php\/wp-json\/wp\/v2\/posts\/8301\/revisions"}],"predecessor-version":[{"id":8302,"href":"http:\/\/joelgirauddepute.fr\/index.php\/wp-json\/wp\/v2\/posts\/8301\/revisions\/8302"}],"wp:featuredmedia":[{"embeddable":true,"href":"http:\/\/joelgirauddepute.fr\/index.php\/wp-json\/wp\/v2\/media\/8101"}],"wp:attachment":[{"href":"http:\/\/joelgirauddepute.fr\/index.php\/wp-json\/wp\/v2\/media?parent=8301"}],"wp:term":[{"taxonomy":"category","embeddable":true,"href":"http:\/\/joelgirauddepute.fr\/index.php\/wp-json\/wp\/v2\/categories?post=8301"},{"taxonomy":"post_tag","embeddable":true,"href":"http:\/\/joelgirauddepute.fr\/index.php\/wp-json\/wp\/v2\/tags?post=8301"}],"curies":[{"name":"wp","href":"https:\/\/api.w.org\/{rel}","templated":true}]}}