{"id":8209,"date":"2024-02-19T16:37:35","date_gmt":"2024-02-19T15:37:35","guid":{"rendered":"https:\/\/joelgirauddepute.fr\/?p=8209"},"modified":"2024-02-19T16:37:36","modified_gmt":"2024-02-19T15:37:36","slug":"reunion-de-concertation-des-parties-francaises-au-comite-de-cooperation-frontaliere-du-traite-du-quirinal-entre-la-france-et-litalie-lhopital-de-briancon-et-la-reouverture-de-la-ligne-tgv-paris-o","status":"publish","type":"post","link":"http:\/\/joelgirauddepute.fr\/index.php\/2024\/02\/19\/reunion-de-concertation-des-parties-francaises-au-comite-de-cooperation-frontaliere-du-traite-du-quirinal-entre-la-france-et-litalie-lhopital-de-briancon-et-la-reouverture-de-la-ligne-tgv-paris-o\/","title":{"rendered":"R\u00e9union de concertation des parties fran\u00e7aises au comit\u00e9 de coop\u00e9ration frontali\u00e8re du trait\u00e9 du Quirinal entre la France et l&rsquo;Italie. L&rsquo;h\u00f4pital de Brian\u00e7on et la r\u00e9ouverture de la ligne TGV Paris-Oulx au c\u0153ur des \u00e9changes"},"content":{"rendered":"","protected":false},"excerpt":{"rendered":"<div class=\"mh-excerpt\"><\/div>","protected":false},"author":1,"featured_media":8210,"comment_status":"closed","ping_status":"closed","sticky":false,"template":"","format":"standard","meta":{"footnotes":""},"categories":[33],"tags":[],"class_list":["post-8209","post","type-post","status-publish","format-standard","has-post-thumbnail","hentry","category-europe"],"jetpack_featured_media_url":"http:\/\/joelgirauddepute.fr\/wp-content\/uploads\/2024\/02\/photo_2024-02-19_16-01-47.jpg","jetpack_sharing_enabled":true,"jetpack_shortlink":"https:\/\/wp.me\/pabfdt-28p","_links":{"self":[{"href":"http:\/\/joelgirauddepute.fr\/index.php\/wp-json\/wp\/v2\/posts\/8209","targetHints":{"allow":["GET"]}}],"collection":[{"href":"http:\/\/joelgirauddepute.fr\/index.php\/wp-json\/wp\/v2\/posts"}],"about":[{"href":"http:\/\/joelgirauddepute.fr\/index.php\/wp-json\/wp\/v2\/types\/post"}],"author":[{"embeddable":true,"href":"http:\/\/joelgirauddepute.fr\/index.php\/wp-json\/wp\/v2\/users\/1"}],"replies":[{"embeddable":true,"href":"http:\/\/joelgirauddepute.fr\/index.php\/wp-json\/wp\/v2\/comments?post=8209"}],"version-history":[{"count":1,"href":"http:\/\/joelgirauddepute.fr\/index.php\/wp-json\/wp\/v2\/posts\/8209\/revisions"}],"predecessor-version":[{"id":8211,"href":"http:\/\/joelgirauddepute.fr\/index.php\/wp-json\/wp\/v2\/posts\/8209\/revisions\/8211"}],"wp:featuredmedia":[{"embeddable":true,"href":"http:\/\/joelgirauddepute.fr\/index.php\/wp-json\/wp\/v2\/media\/8210"}],"wp:attachment":[{"href":"http:\/\/joelgirauddepute.fr\/index.php\/wp-json\/wp\/v2\/media?parent=8209"}],"wp:term":[{"taxonomy":"category","embeddable":true,"href":"http:\/\/joelgirauddepute.fr\/index.php\/wp-json\/wp\/v2\/categories?post=8209"},{"taxonomy":"post_tag","embeddable":true,"href":"http:\/\/joelgirauddepute.fr\/index.php\/wp-json\/wp\/v2\/tags?post=8209"}],"curies":[{"name":"wp","href":"https:\/\/api.w.org\/{rel}","templated":true}]}}