{"id":8179,"date":"2024-02-15T16:21:51","date_gmt":"2024-02-15T15:21:51","guid":{"rendered":"https:\/\/joelgirauddepute.fr\/?p=8179"},"modified":"2024-02-16T15:43:04","modified_gmt":"2024-02-16T14:43:04","slug":"lancement-du-salon-international-de-lagriculture-2024-pour-les-hautes-alpes-les-agriculteurs-et-les-produits-du-departement-mis-a-lhonneur","status":"publish","type":"post","link":"http:\/\/joelgirauddepute.fr\/index.php\/2024\/02\/15\/lancement-du-salon-international-de-lagriculture-2024-pour-les-hautes-alpes-les-agriculteurs-et-les-produits-du-departement-mis-a-lhonneur\/","title":{"rendered":"Lancement du Salon International de l&rsquo;Agriculture 2024 pour les Hautes-Alpes \u2013 Les agriculteurs et les produits du d\u00e9partement mis \u00e0 l\u2019honneur"},"content":{"rendered":"\n<p>Coup d\u2019envoi ce jeudi 15 f\u00e9vrier pour l\u2019\u00e9dition 2024 du Salon de l\u2019Agriculture pour les Hautes-Alpes, en pr\u00e9sence du d\u00e9put\u00e9 Jo\u00ebl Giraud. Agriculteurs haut-alpins et produits de notre beau d\u00e9partement seront donc repr\u00e9sent\u00e9s \u00e0 l\u2019\u00e9dition 2024 du SIA qui se d\u00e9roulera \u00e0 Paris du 24 f\u00e9vrier au 3 mars 2024. Au programme&nbsp;: des visites, des d\u00e9gustations, des cin\u00e9-d\u00e9bat, des expos photos et des ateliers de r\u00e9flexion avec nos agriculteurs. L\u2019occasion de faire d\u00e9couvrir notre terroir et le travail des paysans haut-alpins au niveau national.<\/p>\n\n\n\n<figure class=\"wp-block-gallery has-nested-images columns-default is-cropped wp-block-gallery-1 is-layout-flex wp-block-gallery-is-layout-flex\">\n<figure class=\"wp-block-image size-large\"><img loading=\"lazy\" decoding=\"async\" width=\"768\" height=\"1024\" data-id=\"8181\" src=\"https:\/\/joelgirauddepute.fr\/wp-content\/uploads\/2024\/02\/photo_2024-02-15_11-29-40-768x1024.jpg\" alt=\"\" class=\"wp-image-8181\" srcset=\"http:\/\/joelgirauddepute.fr\/wp-content\/uploads\/2024\/02\/photo_2024-02-15_11-29-40-768x1024.jpg 768w, http:\/\/joelgirauddepute.fr\/wp-content\/uploads\/2024\/02\/photo_2024-02-15_11-29-40-225x300.jpg 225w, http:\/\/joelgirauddepute.fr\/wp-content\/uploads\/2024\/02\/photo_2024-02-15_11-29-40.jpg 960w\" sizes=\"auto, (max-width: 768px) 100vw, 768px\" \/><\/figure>\n<\/figure>\n\n\n\n<div data-wp-interactive=\"core\/file\" class=\"wp-block-file\"><object data-wp-bind--hidden=\"!state.hasPdfPreview\" hidden class=\"wp-block-file__embed\" data=\"http:\/\/joelgirauddepute.fr\/wp-content\/uploads\/2024\/02\/Hautes-Alpes-_-140-produits-en-lice-au-Concours-General-Agricole_removed.pdf\" type=\"application\/pdf\" style=\"width:100%;height:600px\" aria-label=\"Contenu embarqu\u00e9 Hautes-Alpes-_-140-produits-en-lice-au-Concours-General-Agricole_removed.\"><\/object><a id=\"wp-block-file--media-d2a2501d-b701-4c0d-9787-4972f938cb22\" href=\"http:\/\/joelgirauddepute.fr\/wp-content\/uploads\/2024\/02\/Hautes-Alpes-_-140-produits-en-lice-au-Concours-General-Agricole_removed.pdf\">Hautes-Alpes-_-140-produits-en-lice-au-Concours-General-Agricole_removed<\/a><a href=\"http:\/\/joelgirauddepute.fr\/wp-content\/uploads\/2024\/02\/Hautes-Alpes-_-140-produits-en-lice-au-Concours-General-Agricole_removed.pdf\" class=\"wp-block-file__button wp-element-button\" download aria-describedby=\"wp-block-file--media-d2a2501d-b701-4c0d-9787-4972f938cb22\">T\u00e9l\u00e9charger<\/a><\/div>\n","protected":false},"excerpt":{"rendered":"<div class=\"mh-excerpt\"><p>Coup d\u2019envoi ce jeudi 15 f\u00e9vrier pour l\u2019\u00e9dition 2024 du Salon de l\u2019Agriculture pour les Hautes-Alpes, en pr\u00e9sence du d\u00e9put\u00e9 Jo\u00ebl Giraud. Agriculteurs haut-alpins et <a class=\"mh-excerpt-more\" href=\"http:\/\/joelgirauddepute.fr\/index.php\/2024\/02\/15\/lancement-du-salon-international-de-lagriculture-2024-pour-les-hautes-alpes-les-agriculteurs-et-les-produits-du-departement-mis-a-lhonneur\/\" title=\"Lancement du Salon International de l&rsquo;Agriculture 2024 pour les Hautes-Alpes \u2013 Les agriculteurs et les produits du d\u00e9partement mis \u00e0 l\u2019honneur\">[&#8230;]<\/a><\/p>\n<\/div>","protected":false},"author":1,"featured_media":8180,"comment_status":"closed","ping_status":"closed","sticky":false,"template":"","format":"standard","meta":{"footnotes":""},"categories":[23,43],"tags":[],"class_list":["post-8179","post","type-post","status-publish","format-standard","has-post-thumbnail","hentry","category-agriculture","category-hautes-alpes"],"jetpack_featured_media_url":"http:\/\/joelgirauddepute.fr\/wp-content\/uploads\/2024\/02\/photo_2024-02-15_11-29-42.jpg","jetpack_sharing_enabled":true,"jetpack_shortlink":"https:\/\/wp.me\/pabfdt-27V","_links":{"self":[{"href":"http:\/\/joelgirauddepute.fr\/index.php\/wp-json\/wp\/v2\/posts\/8179","targetHints":{"allow":["GET"]}}],"collection":[{"href":"http:\/\/joelgirauddepute.fr\/index.php\/wp-json\/wp\/v2\/posts"}],"about":[{"href":"http:\/\/joelgirauddepute.fr\/index.php\/wp-json\/wp\/v2\/types\/post"}],"author":[{"embeddable":true,"href":"http:\/\/joelgirauddepute.fr\/index.php\/wp-json\/wp\/v2\/users\/1"}],"replies":[{"embeddable":true,"href":"http:\/\/joelgirauddepute.fr\/index.php\/wp-json\/wp\/v2\/comments?post=8179"}],"version-history":[{"count":3,"href":"http:\/\/joelgirauddepute.fr\/index.php\/wp-json\/wp\/v2\/posts\/8179\/revisions"}],"predecessor-version":[{"id":8201,"href":"http:\/\/joelgirauddepute.fr\/index.php\/wp-json\/wp\/v2\/posts\/8179\/revisions\/8201"}],"wp:featuredmedia":[{"embeddable":true,"href":"http:\/\/joelgirauddepute.fr\/index.php\/wp-json\/wp\/v2\/media\/8180"}],"wp:attachment":[{"href":"http:\/\/joelgirauddepute.fr\/index.php\/wp-json\/wp\/v2\/media?parent=8179"}],"wp:term":[{"taxonomy":"category","embeddable":true,"href":"http:\/\/joelgirauddepute.fr\/index.php\/wp-json\/wp\/v2\/categories?post=8179"},{"taxonomy":"post_tag","embeddable":true,"href":"http:\/\/joelgirauddepute.fr\/index.php\/wp-json\/wp\/v2\/tags?post=8179"}],"curies":[{"name":"wp","href":"https:\/\/api.w.org\/{rel}","templated":true}]}}