{"id":8072,"date":"2023-12-21T10:29:08","date_gmt":"2023-12-21T09:29:08","guid":{"rendered":"http:\/\/joelgirauddepute.fr\/?p=8072"},"modified":"2023-12-21T10:29:26","modified_gmt":"2023-12-21T09:29:26","slug":"article-du-dauphine-libere-du-21-12-2023-loi-asile-et-immigration-boyer-et-girard-raccord-giraud-sabstient-walter-vote-contre","status":"publish","type":"post","link":"http:\/\/joelgirauddepute.fr\/index.php\/2023\/12\/21\/article-du-dauphine-libere-du-21-12-2023-loi-asile-et-immigration-boyer-et-girard-raccord-giraud-sabstient-walter-vote-contre\/","title":{"rendered":"Article du Dauphin\u00e9 Lib\u00e9r\u00e9 du 20\/12\/2023: \u00ab\u00a0Loi asile et immigration\u00a0: Boyer et Girard raccord, Giraud s\u2019abstient, Walter vote contre\u00a0\u00bb"},"content":{"rendered":"\n<div data-wp-interactive=\"core\/file\" class=\"wp-block-file\"><object data-wp-bind--hidden=\"!state.hasPdfPreview\" hidden class=\"wp-block-file__embed\" data=\"http:\/\/joelgirauddepute.fr\/wp-content\/uploads\/2023\/12\/Alpes-du-Sud.-Loi-asile-et-immigration-_-Boyer-et-Girard-raccord-Giraud-sabstient-Walter-vote-contre.pdf\" type=\"application\/pdf\" style=\"width:100%;height:600px\" aria-label=\"Contenu embarqu\u00e9 Alpes-du-Sud.-Loi-asile-et-immigration-_-Boyer-et-Girard-raccord-Giraud-sabstient-Walter-vote-contre.\"><\/object><a id=\"wp-block-file--media-fb46f7e5-7915-4bc4-b929-f35c77216d7d\" href=\"http:\/\/joelgirauddepute.fr\/wp-content\/uploads\/2023\/12\/Alpes-du-Sud.-Loi-asile-et-immigration-_-Boyer-et-Girard-raccord-Giraud-sabstient-Walter-vote-contre.pdf\">Alpes-du-Sud.-Loi-asile-et-immigration-_-Boyer-et-Girard-raccord-Giraud-sabstient-Walter-vote-contre<\/a><a href=\"http:\/\/joelgirauddepute.fr\/wp-content\/uploads\/2023\/12\/Alpes-du-Sud.-Loi-asile-et-immigration-_-Boyer-et-Girard-raccord-Giraud-sabstient-Walter-vote-contre.pdf\" class=\"wp-block-file__button wp-element-button\" download aria-describedby=\"wp-block-file--media-fb46f7e5-7915-4bc4-b929-f35c77216d7d\">T\u00e9l\u00e9charger<\/a><\/div>\n","protected":false},"excerpt":{"rendered":"<div class=\"mh-excerpt\"><\/div>","protected":false},"author":1,"featured_media":8074,"comment_status":"closed","ping_status":"closed","sticky":false,"template":"","format":"standard","meta":{"footnotes":""},"categories":[4,43,31],"tags":[],"class_list":["post-8072","post","type-post","status-publish","format-standard","has-post-thumbnail","hentry","category-circo","category-hautes-alpes","category-travaux-legislatifs"],"jetpack_featured_media_url":"http:\/\/joelgirauddepute.fr\/wp-content\/uploads\/2023\/12\/imagearticleimmigraiton.png","jetpack_sharing_enabled":true,"jetpack_shortlink":"https:\/\/wp.me\/pabfdt-26c","_links":{"self":[{"href":"http:\/\/joelgirauddepute.fr\/index.php\/wp-json\/wp\/v2\/posts\/8072","targetHints":{"allow":["GET"]}}],"collection":[{"href":"http:\/\/joelgirauddepute.fr\/index.php\/wp-json\/wp\/v2\/posts"}],"about":[{"href":"http:\/\/joelgirauddepute.fr\/index.php\/wp-json\/wp\/v2\/types\/post"}],"author":[{"embeddable":true,"href":"http:\/\/joelgirauddepute.fr\/index.php\/wp-json\/wp\/v2\/users\/1"}],"replies":[{"embeddable":true,"href":"http:\/\/joelgirauddepute.fr\/index.php\/wp-json\/wp\/v2\/comments?post=8072"}],"version-history":[{"count":2,"href":"http:\/\/joelgirauddepute.fr\/index.php\/wp-json\/wp\/v2\/posts\/8072\/revisions"}],"predecessor-version":[{"id":8076,"href":"http:\/\/joelgirauddepute.fr\/index.php\/wp-json\/wp\/v2\/posts\/8072\/revisions\/8076"}],"wp:featuredmedia":[{"embeddable":true,"href":"http:\/\/joelgirauddepute.fr\/index.php\/wp-json\/wp\/v2\/media\/8074"}],"wp:attachment":[{"href":"http:\/\/joelgirauddepute.fr\/index.php\/wp-json\/wp\/v2\/media?parent=8072"}],"wp:term":[{"taxonomy":"category","embeddable":true,"href":"http:\/\/joelgirauddepute.fr\/index.php\/wp-json\/wp\/v2\/categories?post=8072"},{"taxonomy":"post_tag","embeddable":true,"href":"http:\/\/joelgirauddepute.fr\/index.php\/wp-json\/wp\/v2\/tags?post=8072"}],"curies":[{"name":"wp","href":"https:\/\/api.w.org\/{rel}","templated":true}]}}