{"id":8054,"date":"2023-12-14T18:32:51","date_gmt":"2023-12-14T17:32:51","guid":{"rendered":"https:\/\/joelgirauddepute.fr\/?p=8054"},"modified":"2023-12-14T18:32:53","modified_gmt":"2023-12-14T17:32:53","slug":"operation-1-otage-1-depute-deces-parmi-les-otages-parraines","status":"publish","type":"post","link":"http:\/\/joelgirauddepute.fr\/index.php\/2023\/12\/14\/operation-1-otage-1-depute-deces-parmi-les-otages-parraines\/","title":{"rendered":"Op\u00e9ration \u00ab\u00a01 otage 1 d\u00e9put\u00e9\u00a0\u00bb &#8211; D\u00e9c\u00e8s parmi les otages parrain\u00e9s"},"content":{"rendered":"\n<p><em>Nous apprenons avec effroi de nombreux d\u00e9c\u00e8s parmi les otages que nous parrainons.<br>Nous r\u00e9affirmons notre solidarit\u00e9 envers les familles des otages, partag\u00e9es entre deuil, d\u00e9sespoir et espoir de voir revenir leurs proches.<br>Nous resterons mobilis\u00e9s jusqu\u2019\u00e0 la lib\u00e9ration de tous.<\/em><\/p>\n","protected":false},"excerpt":{"rendered":"<div class=\"mh-excerpt\"><p>Nous apprenons avec effroi de nombreux d\u00e9c\u00e8s parmi les otages que nous parrainons.Nous r\u00e9affirmons notre solidarit\u00e9 envers les familles des otages, partag\u00e9es entre deuil, d\u00e9sespoir <a class=\"mh-excerpt-more\" href=\"http:\/\/joelgirauddepute.fr\/index.php\/2023\/12\/14\/operation-1-otage-1-depute-deces-parmi-les-otages-parraines\/\" title=\"Op\u00e9ration \u00ab\u00a01 otage 1 d\u00e9put\u00e9\u00a0\u00bb &#8211; D\u00e9c\u00e8s parmi les otages parrain\u00e9s\">[&#8230;]<\/a><\/p>\n<\/div>","protected":false},"author":1,"featured_media":8055,"comment_status":"closed","ping_status":"closed","sticky":false,"template":"","format":"standard","meta":{"footnotes":""},"categories":[44],"tags":[],"class_list":["post-8054","post","type-post","status-publish","format-standard","has-post-thumbnail","hentry","category-international"],"jetpack_featured_media_url":"http:\/\/joelgirauddepute.fr\/wp-content\/uploads\/2023\/12\/photo_2023-12-14_18-12-09.jpg","jetpack_sharing_enabled":true,"jetpack_shortlink":"https:\/\/wp.me\/pabfdt-25U","_links":{"self":[{"href":"http:\/\/joelgirauddepute.fr\/index.php\/wp-json\/wp\/v2\/posts\/8054","targetHints":{"allow":["GET"]}}],"collection":[{"href":"http:\/\/joelgirauddepute.fr\/index.php\/wp-json\/wp\/v2\/posts"}],"about":[{"href":"http:\/\/joelgirauddepute.fr\/index.php\/wp-json\/wp\/v2\/types\/post"}],"author":[{"embeddable":true,"href":"http:\/\/joelgirauddepute.fr\/index.php\/wp-json\/wp\/v2\/users\/1"}],"replies":[{"embeddable":true,"href":"http:\/\/joelgirauddepute.fr\/index.php\/wp-json\/wp\/v2\/comments?post=8054"}],"version-history":[{"count":1,"href":"http:\/\/joelgirauddepute.fr\/index.php\/wp-json\/wp\/v2\/posts\/8054\/revisions"}],"predecessor-version":[{"id":8056,"href":"http:\/\/joelgirauddepute.fr\/index.php\/wp-json\/wp\/v2\/posts\/8054\/revisions\/8056"}],"wp:featuredmedia":[{"embeddable":true,"href":"http:\/\/joelgirauddepute.fr\/index.php\/wp-json\/wp\/v2\/media\/8055"}],"wp:attachment":[{"href":"http:\/\/joelgirauddepute.fr\/index.php\/wp-json\/wp\/v2\/media?parent=8054"}],"wp:term":[{"taxonomy":"category","embeddable":true,"href":"http:\/\/joelgirauddepute.fr\/index.php\/wp-json\/wp\/v2\/categories?post=8054"},{"taxonomy":"post_tag","embeddable":true,"href":"http:\/\/joelgirauddepute.fr\/index.php\/wp-json\/wp\/v2\/tags?post=8054"}],"curies":[{"name":"wp","href":"https:\/\/api.w.org\/{rel}","templated":true}]}}