{"id":7795,"date":"2023-10-23T13:47:06","date_gmt":"2023-10-23T11:47:06","guid":{"rendered":"http:\/\/joelgirauddepute.fr\/?p=7795"},"modified":"2023-10-23T13:48:02","modified_gmt":"2023-10-23T11:48:02","slug":"reforme-de-la-fin-de-vie","status":"publish","type":"post","link":"http:\/\/joelgirauddepute.fr\/index.php\/2023\/10\/23\/reforme-de-la-fin-de-vie\/","title":{"rendered":"R\u00e9forme sur la fin de vie"},"content":{"rendered":"\n<p>La r\u00e9forme&nbsp;sur la fin de vie se dessine.&nbsp;Celle-ci, attendue apr\u00e8s la Convention citoyenne sur la fin de vie o\u00f9 75,6&nbsp;% des votants se sont prononc\u00e9s en faveur d&rsquo;une \u00e9volution du droit, prendra la forme d&rsquo;un projet de loi port\u00e9 par le gouvernement.<\/p>\n\n\n\n<p>Il devrait \u00eatre ainsi pr\u00e9sent\u00e9 en Conseil des ministres avant la fin de l&rsquo;ann\u00e9e et son examen \u00e0 l&rsquo;Assembl\u00e9e nationale et au S\u00e9nat se d\u00e9roulera au cours de l&rsquo;ann\u00e9e prochaine. Le r\u00e9forme se fera dans la continuit\u00e9 des d\u00e9bats et des auditions dans le cadre du groupe d&rsquo;\u00e9tude sur la fin de vie dont fait partie Jo\u00ebl Giraud, tr\u00e8s engag\u00e9 en faveur d&rsquo;une \u00e9volution de la l\u00e9gislation.<\/p>\n\n\n\n<p><\/p>\n","protected":false},"excerpt":{"rendered":"<div class=\"mh-excerpt\"><p>La r\u00e9forme&nbsp;sur la fin de vie se dessine.&nbsp;Celle-ci, attendue apr\u00e8s la Convention citoyenne sur la fin de vie o\u00f9 75,6&nbsp;% des votants se sont prononc\u00e9s <a class=\"mh-excerpt-more\" href=\"http:\/\/joelgirauddepute.fr\/index.php\/2023\/10\/23\/reforme-de-la-fin-de-vie\/\" title=\"R\u00e9forme sur la fin de vie\">[&#8230;]<\/a><\/p>\n<\/div>","protected":false},"author":1,"featured_media":7796,"comment_status":"closed","ping_status":"closed","sticky":false,"template":"","format":"standard","meta":{"footnotes":""},"categories":[1],"tags":[],"class_list":["post-7795","post","type-post","status-publish","format-standard","has-post-thumbnail","hentry","category-non-classe"],"jetpack_featured_media_url":"http:\/\/joelgirauddepute.fr\/wp-content\/uploads\/2023\/10\/25184650lpw-25185553-mega-une-jpg_9766580.webp","jetpack_sharing_enabled":true,"jetpack_shortlink":"https:\/\/wp.me\/pabfdt-21J","_links":{"self":[{"href":"http:\/\/joelgirauddepute.fr\/index.php\/wp-json\/wp\/v2\/posts\/7795","targetHints":{"allow":["GET"]}}],"collection":[{"href":"http:\/\/joelgirauddepute.fr\/index.php\/wp-json\/wp\/v2\/posts"}],"about":[{"href":"http:\/\/joelgirauddepute.fr\/index.php\/wp-json\/wp\/v2\/types\/post"}],"author":[{"embeddable":true,"href":"http:\/\/joelgirauddepute.fr\/index.php\/wp-json\/wp\/v2\/users\/1"}],"replies":[{"embeddable":true,"href":"http:\/\/joelgirauddepute.fr\/index.php\/wp-json\/wp\/v2\/comments?post=7795"}],"version-history":[{"count":2,"href":"http:\/\/joelgirauddepute.fr\/index.php\/wp-json\/wp\/v2\/posts\/7795\/revisions"}],"predecessor-version":[{"id":7798,"href":"http:\/\/joelgirauddepute.fr\/index.php\/wp-json\/wp\/v2\/posts\/7795\/revisions\/7798"}],"wp:featuredmedia":[{"embeddable":true,"href":"http:\/\/joelgirauddepute.fr\/index.php\/wp-json\/wp\/v2\/media\/7796"}],"wp:attachment":[{"href":"http:\/\/joelgirauddepute.fr\/index.php\/wp-json\/wp\/v2\/media?parent=7795"}],"wp:term":[{"taxonomy":"category","embeddable":true,"href":"http:\/\/joelgirauddepute.fr\/index.php\/wp-json\/wp\/v2\/categories?post=7795"},{"taxonomy":"post_tag","embeddable":true,"href":"http:\/\/joelgirauddepute.fr\/index.php\/wp-json\/wp\/v2\/tags?post=7795"}],"curies":[{"name":"wp","href":"https:\/\/api.w.org\/{rel}","templated":true}]}}