{"id":7780,"date":"2023-10-16T17:35:25","date_gmt":"2023-10-16T15:35:25","guid":{"rendered":"http:\/\/joelgirauddepute.fr\/?p=7780"},"modified":"2023-10-16T17:35:26","modified_gmt":"2023-10-16T15:35:26","slug":"hommages-a-dominique-bernard-et-samuel-paty","status":"publish","type":"post","link":"http:\/\/joelgirauddepute.fr\/index.php\/2023\/10\/16\/hommages-a-dominique-bernard-et-samuel-paty\/","title":{"rendered":"Hommages \u00e0 Dominique Bernard et Samuel Paty"},"content":{"rendered":"\n<p><strong>Col\u00e8re et effroi. \u00c0 travers ces attentats, c&rsquo;est bien la R\u00e9publique et son \u00e9cole qu&rsquo;on attaque.<\/strong><\/p>\n\n\n\n<p>Dominique Bernard et Samuel Paty \u00e9taient de ceux qui font vivre nos valeurs chaque jour et qui les transmettent inlassablement \u00e0 nos enfants. En leur m\u00e9moire, continuons \u00e0 les porter fi\u00e8rement.<\/p>\n","protected":false},"excerpt":{"rendered":"<div class=\"mh-excerpt\"><p>Col\u00e8re et effroi. \u00c0 travers ces attentats, c&rsquo;est bien la R\u00e9publique et son \u00e9cole qu&rsquo;on attaque. Dominique Bernard et Samuel Paty \u00e9taient de ceux qui <a class=\"mh-excerpt-more\" href=\"http:\/\/joelgirauddepute.fr\/index.php\/2023\/10\/16\/hommages-a-dominique-bernard-et-samuel-paty\/\" title=\"Hommages \u00e0 Dominique Bernard et Samuel Paty\">[&#8230;]<\/a><\/p>\n<\/div>","protected":false},"author":1,"featured_media":7781,"comment_status":"closed","ping_status":"closed","sticky":false,"template":"","format":"standard","meta":{"footnotes":""},"categories":[1],"tags":[],"class_list":["post-7780","post","type-post","status-publish","format-standard","has-post-thumbnail","hentry","category-non-classe"],"jetpack_featured_media_url":"http:\/\/joelgirauddepute.fr\/wp-content\/uploads\/2023\/10\/Capture-decran-2023-10-15-a-17.27.02.png","jetpack_sharing_enabled":true,"jetpack_shortlink":"https:\/\/wp.me\/pabfdt-21u","_links":{"self":[{"href":"http:\/\/joelgirauddepute.fr\/index.php\/wp-json\/wp\/v2\/posts\/7780","targetHints":{"allow":["GET"]}}],"collection":[{"href":"http:\/\/joelgirauddepute.fr\/index.php\/wp-json\/wp\/v2\/posts"}],"about":[{"href":"http:\/\/joelgirauddepute.fr\/index.php\/wp-json\/wp\/v2\/types\/post"}],"author":[{"embeddable":true,"href":"http:\/\/joelgirauddepute.fr\/index.php\/wp-json\/wp\/v2\/users\/1"}],"replies":[{"embeddable":true,"href":"http:\/\/joelgirauddepute.fr\/index.php\/wp-json\/wp\/v2\/comments?post=7780"}],"version-history":[{"count":1,"href":"http:\/\/joelgirauddepute.fr\/index.php\/wp-json\/wp\/v2\/posts\/7780\/revisions"}],"predecessor-version":[{"id":7782,"href":"http:\/\/joelgirauddepute.fr\/index.php\/wp-json\/wp\/v2\/posts\/7780\/revisions\/7782"}],"wp:featuredmedia":[{"embeddable":true,"href":"http:\/\/joelgirauddepute.fr\/index.php\/wp-json\/wp\/v2\/media\/7781"}],"wp:attachment":[{"href":"http:\/\/joelgirauddepute.fr\/index.php\/wp-json\/wp\/v2\/media?parent=7780"}],"wp:term":[{"taxonomy":"category","embeddable":true,"href":"http:\/\/joelgirauddepute.fr\/index.php\/wp-json\/wp\/v2\/categories?post=7780"},{"taxonomy":"post_tag","embeddable":true,"href":"http:\/\/joelgirauddepute.fr\/index.php\/wp-json\/wp\/v2\/tags?post=7780"}],"curies":[{"name":"wp","href":"https:\/\/api.w.org\/{rel}","templated":true}]}}