{"id":7734,"date":"2023-08-01T17:22:33","date_gmt":"2023-08-01T15:22:33","guid":{"rendered":"http:\/\/joelgirauddepute.fr\/?p=7734"},"modified":"2023-09-27T17:29:06","modified_gmt":"2023-09-27T15:29:06","slug":"courrier-cosigne-situation-de-la-filiere-porc-certifiee-en-agriculture-biologique","status":"publish","type":"post","link":"http:\/\/joelgirauddepute.fr\/index.php\/2023\/08\/01\/courrier-cosigne-situation-de-la-filiere-porc-certifiee-en-agriculture-biologique\/","title":{"rendered":"Courrier cosign\u00e9 &#8211; Situation de la fili\u00e8re porc certifi\u00e9e en agriculture biologique"},"content":{"rendered":"\n<p><strong>Dans ce courrier adress\u00e9 \u00e0 Marc Fesneau, les d\u00e9put\u00e9s signataires attirent l&rsquo;attention du ministre de l&rsquo;Agriculture et de la Souverainet\u00e9 alimentaire sur la situation de la fili\u00e8re porc certifi\u00e9e en agriculture biologique.<\/strong><\/p>\n\n\n\n<p>Face \u00e0 l&rsquo;inflation, la fili\u00e8re de la production certifi\u00e9e bio subie une double peine tant par les prix de production que par la concurrence du secteur conventionnel. Les d\u00e9put\u00e9s signataires appellent \u00e0 une r\u00e9\u00e9valuation des aides d\u00e9di\u00e9es \u00e0 la fili\u00e8re porcine bio fran\u00e7aise, afin d&rsquo;encourager la diffusion d&rsquo;une agriculture plus \u00e9cologique et soutenable tant pour les agriculteurs que pour les consommateurs. <\/p>\n\n\n\n<div data-wp-interactive=\"core\/file\" class=\"wp-block-file\"><object data-wp-bind--hidden=\"!state.hasPdfPreview\" hidden class=\"wp-block-file__embed\" data=\"http:\/\/joelgirauddepute.fr\/wp-content\/uploads\/2023\/09\/CourrierdefFiliereporcine.pdf\" type=\"application\/pdf\" style=\"width:100%;height:600px\" aria-label=\"Contenu embarqu\u00e9 CourrierdefFiliereporcine.\"><\/object><a id=\"wp-block-file--media-8ba7d78b-887d-4927-a8ad-64e1ad9b20ee\" href=\"http:\/\/joelgirauddepute.fr\/wp-content\/uploads\/2023\/09\/CourrierdefFiliereporcine.pdf\">CourrierdefFiliereporcine<\/a><a href=\"http:\/\/joelgirauddepute.fr\/wp-content\/uploads\/2023\/09\/CourrierdefFiliereporcine.pdf\" class=\"wp-block-file__button wp-element-button\" download aria-describedby=\"wp-block-file--media-8ba7d78b-887d-4927-a8ad-64e1ad9b20ee\">T\u00e9l\u00e9charger<\/a><\/div>\n","protected":false},"excerpt":{"rendered":"<div class=\"mh-excerpt\"><p>Dans ce courrier adress\u00e9 \u00e0 Marc Fesneau, les d\u00e9put\u00e9s signataires attirent l&rsquo;attention du ministre de l&rsquo;Agriculture et de la Souverainet\u00e9 alimentaire sur la situation de <a class=\"mh-excerpt-more\" href=\"http:\/\/joelgirauddepute.fr\/index.php\/2023\/08\/01\/courrier-cosigne-situation-de-la-filiere-porc-certifiee-en-agriculture-biologique\/\" title=\"Courrier cosign\u00e9 &#8211; Situation de la fili\u00e8re porc certifi\u00e9e en agriculture biologique\">[&#8230;]<\/a><\/p>\n<\/div>","protected":false},"author":1,"featured_media":7735,"comment_status":"closed","ping_status":"closed","sticky":false,"template":"","format":"standard","meta":{"footnotes":""},"categories":[23],"tags":[],"class_list":["post-7734","post","type-post","status-publish","format-standard","has-post-thumbnail","hentry","category-agriculture"],"jetpack_featured_media_url":"http:\/\/joelgirauddepute.fr\/wp-content\/uploads\/2023\/09\/85476436-porcs-de-porc-dans-le-jardin-porc-sain-sur-prairie.jpg","jetpack_sharing_enabled":true,"jetpack_shortlink":"https:\/\/wp.me\/pabfdt-20K","_links":{"self":[{"href":"http:\/\/joelgirauddepute.fr\/index.php\/wp-json\/wp\/v2\/posts\/7734","targetHints":{"allow":["GET"]}}],"collection":[{"href":"http:\/\/joelgirauddepute.fr\/index.php\/wp-json\/wp\/v2\/posts"}],"about":[{"href":"http:\/\/joelgirauddepute.fr\/index.php\/wp-json\/wp\/v2\/types\/post"}],"author":[{"embeddable":true,"href":"http:\/\/joelgirauddepute.fr\/index.php\/wp-json\/wp\/v2\/users\/1"}],"replies":[{"embeddable":true,"href":"http:\/\/joelgirauddepute.fr\/index.php\/wp-json\/wp\/v2\/comments?post=7734"}],"version-history":[{"count":2,"href":"http:\/\/joelgirauddepute.fr\/index.php\/wp-json\/wp\/v2\/posts\/7734\/revisions"}],"predecessor-version":[{"id":7738,"href":"http:\/\/joelgirauddepute.fr\/index.php\/wp-json\/wp\/v2\/posts\/7734\/revisions\/7738"}],"wp:featuredmedia":[{"embeddable":true,"href":"http:\/\/joelgirauddepute.fr\/index.php\/wp-json\/wp\/v2\/media\/7735"}],"wp:attachment":[{"href":"http:\/\/joelgirauddepute.fr\/index.php\/wp-json\/wp\/v2\/media?parent=7734"}],"wp:term":[{"taxonomy":"category","embeddable":true,"href":"http:\/\/joelgirauddepute.fr\/index.php\/wp-json\/wp\/v2\/categories?post=7734"},{"taxonomy":"post_tag","embeddable":true,"href":"http:\/\/joelgirauddepute.fr\/index.php\/wp-json\/wp\/v2\/tags?post=7734"}],"curies":[{"name":"wp","href":"https:\/\/api.w.org\/{rel}","templated":true}]}}