{"id":7727,"date":"2023-09-15T17:10:52","date_gmt":"2023-09-15T15:10:52","guid":{"rendered":"http:\/\/joelgirauddepute.fr\/?p=7727"},"modified":"2023-09-26T17:13:08","modified_gmt":"2023-09-26T15:13:08","slug":"extension-des-fonds-de-compensation-de-la-taxe-sur-la-valeur-ajoute-fctva","status":"publish","type":"post","link":"http:\/\/joelgirauddepute.fr\/index.php\/2023\/09\/15\/extension-des-fonds-de-compensation-de-la-taxe-sur-la-valeur-ajoute-fctva\/","title":{"rendered":"Extension des fonds de compensation de la taxe sur la valeur ajout\u00e9 (FCTVA)"},"content":{"rendered":"\n<p>Une victoire pour les collectivit\u00e9s territoriales. Le gouvernement a annonc\u00e9 le vendredi 15 septembre l&rsquo;extension des fonds de compensation de la taxe sur la valeur ajout\u00e9 (FCTVA) aux am\u00e9nagements de terrain, apr\u00e8s que celui-ci ait \u00e9t\u00e9 retir\u00e9 lors du Projet de loi de finance de 2021.<\/p>\n\n\n\n<p>Sujet port\u00e9 par Jo\u00ebl GIRAUD, sur lequel il avait eu l&rsquo;occasion d&rsquo;avoir une r\u00e9union mardi avec le Ministre du Budget,&nbsp; Thomas CAZENAVE , le d\u00e9put\u00e9 des Hautes-Alpes se r\u00e9jouit que le fond soit de nouveau mobilisable pour les am\u00e9nagements des collectivit\u00e9s comme les voies vertes ou les terrains de sport.<\/p>\n\n\n\n<p>Il s&rsquo;agissait d&rsquo;une mesure du rapport sur l\u2019avenir de la Montagne que Jo\u00ebl GIRAUD a remis \u00e0 la Premi\u00e8re ministre ce jour. D\u00e9sormais, le d\u00e9put\u00e9 souhaite que la mesure soit r\u00e9troactive pour les investissements d\u00e9j\u00e0 effectu\u00e9s, vitaux pour la vie de nos communes, notamment dans la ruralit\u00e9 puisque la mesure avait \u00e9t\u00e9 prise en catimini il y a 2 ans.<\/p>\n\n\n\n<p><\/p>\n\n\n\n<p><a href=\"https:\/\/alpesdusud.alpes1.com\/news\/hautes-alpes\/100561\/hautes-alpes-le-depute-joel-giraud-salue-la-decision-du-gouvernement-concernant-l-extension-des-fonds-de-compensation-de-la-taxe-sur-la-valeur-ajoutee\">https:\/\/alpesdusud.alpes1.com\/news\/hautes-alpes\/100561\/hautes-alpes-le-depute-joel-giraud-salue-la-decision-du-gouvernement-concernant-l-extension-des-fonds-de-compensation-de-la-taxe-sur-la-valeur-ajoutee<\/a><\/p>\n","protected":false},"excerpt":{"rendered":"<div class=\"mh-excerpt\"><p>Une victoire pour les collectivit\u00e9s territoriales. Le gouvernement a annonc\u00e9 le vendredi 15 septembre l&rsquo;extension des fonds de compensation de la taxe sur la valeur <a class=\"mh-excerpt-more\" href=\"http:\/\/joelgirauddepute.fr\/index.php\/2023\/09\/15\/extension-des-fonds-de-compensation-de-la-taxe-sur-la-valeur-ajoute-fctva\/\" title=\"Extension des fonds de compensation de la taxe sur la valeur ajout\u00e9 (FCTVA)\">[&#8230;]<\/a><\/p>\n<\/div>","protected":false},"author":1,"featured_media":7728,"comment_status":"closed","ping_status":"closed","sticky":false,"template":"","format":"standard","meta":{"footnotes":""},"categories":[1],"tags":[],"class_list":["post-7727","post","type-post","status-publish","format-standard","has-post-thumbnail","hentry","category-non-classe"],"jetpack_featured_media_url":"http:\/\/joelgirauddepute.fr\/wp-content\/uploads\/2023\/09\/1110x624_hautes-alpes-le-depute-joel-giraud-salue-la-decision-du-gouvernement-concernant-l-extension-des-fonds-de-compensation-de-la-taxe-sur-la-valeur-ajoute_6506f4f035402.jpeg.webp","jetpack_sharing_enabled":true,"jetpack_shortlink":"https:\/\/wp.me\/pabfdt-20D","_links":{"self":[{"href":"http:\/\/joelgirauddepute.fr\/index.php\/wp-json\/wp\/v2\/posts\/7727","targetHints":{"allow":["GET"]}}],"collection":[{"href":"http:\/\/joelgirauddepute.fr\/index.php\/wp-json\/wp\/v2\/posts"}],"about":[{"href":"http:\/\/joelgirauddepute.fr\/index.php\/wp-json\/wp\/v2\/types\/post"}],"author":[{"embeddable":true,"href":"http:\/\/joelgirauddepute.fr\/index.php\/wp-json\/wp\/v2\/users\/1"}],"replies":[{"embeddable":true,"href":"http:\/\/joelgirauddepute.fr\/index.php\/wp-json\/wp\/v2\/comments?post=7727"}],"version-history":[{"count":1,"href":"http:\/\/joelgirauddepute.fr\/index.php\/wp-json\/wp\/v2\/posts\/7727\/revisions"}],"predecessor-version":[{"id":7729,"href":"http:\/\/joelgirauddepute.fr\/index.php\/wp-json\/wp\/v2\/posts\/7727\/revisions\/7729"}],"wp:featuredmedia":[{"embeddable":true,"href":"http:\/\/joelgirauddepute.fr\/index.php\/wp-json\/wp\/v2\/media\/7728"}],"wp:attachment":[{"href":"http:\/\/joelgirauddepute.fr\/index.php\/wp-json\/wp\/v2\/media?parent=7727"}],"wp:term":[{"taxonomy":"category","embeddable":true,"href":"http:\/\/joelgirauddepute.fr\/index.php\/wp-json\/wp\/v2\/categories?post=7727"},{"taxonomy":"post_tag","embeddable":true,"href":"http:\/\/joelgirauddepute.fr\/index.php\/wp-json\/wp\/v2\/tags?post=7727"}],"curies":[{"name":"wp","href":"https:\/\/api.w.org\/{rel}","templated":true}]}}