{"id":7712,"date":"2023-09-06T17:00:23","date_gmt":"2023-09-06T15:00:23","guid":{"rendered":"http:\/\/joelgirauddepute.fr\/?p=7712"},"modified":"2023-09-26T17:05:05","modified_gmt":"2023-09-26T15:05:05","slug":"condamnation-de-lattaque-du-planning-familial-05","status":"publish","type":"post","link":"http:\/\/joelgirauddepute.fr\/index.php\/2023\/09\/06\/condamnation-de-lattaque-du-planning-familial-05\/","title":{"rendered":"Condamnation de l&rsquo;attaque du Planning familial 05"},"content":{"rendered":"\n<p>Je condamne avec fermet\u00e9 l\u2019attaque dont a fait l\u2019objet le Planning familial 05 pour simplement avoir affirm\u00e9 son soutien \u00e0 la communaut\u00e9 LGBT+. Merci \u00e0 eux pour leurs efforts quotidiens ! Car il est toujours bon de rappeler que la haine n\u2019est jamais une opinion comme une autre. <\/p>\n\n\n\n<figure class=\"wp-block-image size-large\"><img loading=\"lazy\" decoding=\"async\" width=\"725\" height=\"1024\" src=\"http:\/\/joelgirauddepute.fr\/wp-content\/uploads\/2023\/09\/F5W6fSJXwAEQYLc-2-725x1024.jpg\" alt=\"\" class=\"wp-image-7718\" srcset=\"http:\/\/joelgirauddepute.fr\/wp-content\/uploads\/2023\/09\/F5W6fSJXwAEQYLc-2-725x1024.jpg 725w, http:\/\/joelgirauddepute.fr\/wp-content\/uploads\/2023\/09\/F5W6fSJXwAEQYLc-2-212x300.jpg 212w, http:\/\/joelgirauddepute.fr\/wp-content\/uploads\/2023\/09\/F5W6fSJXwAEQYLc-2-768x1085.jpg 768w, http:\/\/joelgirauddepute.fr\/wp-content\/uploads\/2023\/09\/F5W6fSJXwAEQYLc-2-1087x1536.jpg 1087w, http:\/\/joelgirauddepute.fr\/wp-content\/uploads\/2023\/09\/F5W6fSJXwAEQYLc-2.jpg 1241w\" sizes=\"auto, (max-width: 725px) 100vw, 725px\" \/><\/figure>\n","protected":false},"excerpt":{"rendered":"<div class=\"mh-excerpt\"><p>Je condamne avec fermet\u00e9 l\u2019attaque dont a fait l\u2019objet le Planning familial 05 pour simplement avoir affirm\u00e9 son soutien \u00e0 la communaut\u00e9 LGBT+. Merci \u00e0 <a class=\"mh-excerpt-more\" href=\"http:\/\/joelgirauddepute.fr\/index.php\/2023\/09\/06\/condamnation-de-lattaque-du-planning-familial-05\/\" title=\"Condamnation de l&rsquo;attaque du Planning familial 05\">[&#8230;]<\/a><\/p>\n<\/div>","protected":false},"author":1,"featured_media":7715,"comment_status":"closed","ping_status":"closed","sticky":false,"template":"","format":"standard","meta":{"footnotes":""},"categories":[6,43],"tags":[],"class_list":["post-7712","post","type-post","status-publish","format-standard","has-post-thumbnail","hentry","category-communiques","category-hautes-alpes"],"jetpack_featured_media_url":"http:\/\/joelgirauddepute.fr\/wp-content\/uploads\/2023\/09\/5-1.png","jetpack_sharing_enabled":true,"jetpack_shortlink":"https:\/\/wp.me\/pabfdt-20o","_links":{"self":[{"href":"http:\/\/joelgirauddepute.fr\/index.php\/wp-json\/wp\/v2\/posts\/7712","targetHints":{"allow":["GET"]}}],"collection":[{"href":"http:\/\/joelgirauddepute.fr\/index.php\/wp-json\/wp\/v2\/posts"}],"about":[{"href":"http:\/\/joelgirauddepute.fr\/index.php\/wp-json\/wp\/v2\/types\/post"}],"author":[{"embeddable":true,"href":"http:\/\/joelgirauddepute.fr\/index.php\/wp-json\/wp\/v2\/users\/1"}],"replies":[{"embeddable":true,"href":"http:\/\/joelgirauddepute.fr\/index.php\/wp-json\/wp\/v2\/comments?post=7712"}],"version-history":[{"count":3,"href":"http:\/\/joelgirauddepute.fr\/index.php\/wp-json\/wp\/v2\/posts\/7712\/revisions"}],"predecessor-version":[{"id":7719,"href":"http:\/\/joelgirauddepute.fr\/index.php\/wp-json\/wp\/v2\/posts\/7712\/revisions\/7719"}],"wp:featuredmedia":[{"embeddable":true,"href":"http:\/\/joelgirauddepute.fr\/index.php\/wp-json\/wp\/v2\/media\/7715"}],"wp:attachment":[{"href":"http:\/\/joelgirauddepute.fr\/index.php\/wp-json\/wp\/v2\/media?parent=7712"}],"wp:term":[{"taxonomy":"category","embeddable":true,"href":"http:\/\/joelgirauddepute.fr\/index.php\/wp-json\/wp\/v2\/categories?post=7712"},{"taxonomy":"post_tag","embeddable":true,"href":"http:\/\/joelgirauddepute.fr\/index.php\/wp-json\/wp\/v2\/tags?post=7712"}],"curies":[{"name":"wp","href":"https:\/\/api.w.org\/{rel}","templated":true}]}}