{"id":7709,"date":"2023-09-06T16:58:22","date_gmt":"2023-09-06T14:58:22","guid":{"rendered":"http:\/\/joelgirauddepute.fr\/?p=7709"},"modified":"2023-09-26T16:59:55","modified_gmt":"2023-09-26T14:59:55","slug":"commemoration-de-la-liberation-de-briancon","status":"publish","type":"post","link":"http:\/\/joelgirauddepute.fr\/index.php\/2023\/09\/06\/commemoration-de-la-liberation-de-briancon\/","title":{"rendered":"Comm\u00e9moration de la Lib\u00e9ration de Brian\u00e7on"},"content":{"rendered":"\n<p>Nombreux sont les r\u00e9sistants tomb\u00e9s pour lib\u00e9rer Brian\u00e7on. Parmi eux le jeune Francis MELIAT, 23 ans, monteur \u00e9lectricien aux usines de L&rsquo;Argenti\u00e8re. Ne pas l&rsquo;oublier, c&rsquo;est honorer la m\u00e9moire de tous les combattants contre l&rsquo;obscurantisme, le fascisme et l&rsquo;intol\u00e9rance.<\/p>\n\n\n\n<p><a href=\"https:\/\/twitter.com\/JoelGiraud05\/status\/1699473369383481559\/photo\/1\"><\/a><\/p>\n","protected":false},"excerpt":{"rendered":"<div class=\"mh-excerpt\"><p>Nombreux sont les r\u00e9sistants tomb\u00e9s pour lib\u00e9rer Brian\u00e7on. Parmi eux le jeune Francis MELIAT, 23 ans, monteur \u00e9lectricien aux usines de L&rsquo;Argenti\u00e8re. Ne pas l&rsquo;oublier, <a class=\"mh-excerpt-more\" href=\"http:\/\/joelgirauddepute.fr\/index.php\/2023\/09\/06\/commemoration-de-la-liberation-de-briancon\/\" title=\"Comm\u00e9moration de la Lib\u00e9ration de Brian\u00e7on\">[&#8230;]<\/a><\/p>\n<\/div>","protected":false},"author":1,"featured_media":7710,"comment_status":"closed","ping_status":"closed","sticky":false,"template":"","format":"standard","meta":{"footnotes":""},"categories":[43],"tags":[],"class_list":["post-7709","post","type-post","status-publish","format-standard","has-post-thumbnail","hentry","category-hautes-alpes"],"jetpack_featured_media_url":"http:\/\/joelgirauddepute.fr\/wp-content\/uploads\/2023\/09\/photo_2023-09-06_19-21-23.jpg","jetpack_sharing_enabled":true,"jetpack_shortlink":"https:\/\/wp.me\/pabfdt-20l","_links":{"self":[{"href":"http:\/\/joelgirauddepute.fr\/index.php\/wp-json\/wp\/v2\/posts\/7709","targetHints":{"allow":["GET"]}}],"collection":[{"href":"http:\/\/joelgirauddepute.fr\/index.php\/wp-json\/wp\/v2\/posts"}],"about":[{"href":"http:\/\/joelgirauddepute.fr\/index.php\/wp-json\/wp\/v2\/types\/post"}],"author":[{"embeddable":true,"href":"http:\/\/joelgirauddepute.fr\/index.php\/wp-json\/wp\/v2\/users\/1"}],"replies":[{"embeddable":true,"href":"http:\/\/joelgirauddepute.fr\/index.php\/wp-json\/wp\/v2\/comments?post=7709"}],"version-history":[{"count":1,"href":"http:\/\/joelgirauddepute.fr\/index.php\/wp-json\/wp\/v2\/posts\/7709\/revisions"}],"predecessor-version":[{"id":7711,"href":"http:\/\/joelgirauddepute.fr\/index.php\/wp-json\/wp\/v2\/posts\/7709\/revisions\/7711"}],"wp:featuredmedia":[{"embeddable":true,"href":"http:\/\/joelgirauddepute.fr\/index.php\/wp-json\/wp\/v2\/media\/7710"}],"wp:attachment":[{"href":"http:\/\/joelgirauddepute.fr\/index.php\/wp-json\/wp\/v2\/media?parent=7709"}],"wp:term":[{"taxonomy":"category","embeddable":true,"href":"http:\/\/joelgirauddepute.fr\/index.php\/wp-json\/wp\/v2\/categories?post=7709"},{"taxonomy":"post_tag","embeddable":true,"href":"http:\/\/joelgirauddepute.fr\/index.php\/wp-json\/wp\/v2\/tags?post=7709"}],"curies":[{"name":"wp","href":"https:\/\/api.w.org\/{rel}","templated":true}]}}