{"id":7704,"date":"2023-09-16T16:55:28","date_gmt":"2023-09-16T14:55:28","guid":{"rendered":"http:\/\/joelgirauddepute.fr\/?p=7704"},"modified":"2023-09-26T16:57:42","modified_gmt":"2023-09-26T14:57:42","slug":"foire-de-la-saint-mathieu","status":"publish","type":"post","link":"http:\/\/joelgirauddepute.fr\/index.php\/2023\/09\/16\/foire-de-la-saint-mathieu\/","title":{"rendered":"Foire de la Saint-Mathieu"},"content":{"rendered":"\n<p><strong>Agriculture et \u00e9cologie font bon m\u00e9nage dans le parc r\u00e9gional du Queyras, \u00e0 la foire de la Saint-Mathieu<\/strong>. <\/p>\n\n\n\n<div class=\"wp-block-group is-nowrap is-layout-flex wp-container-core-group-is-layout-ad2f72ca wp-block-group-is-layout-flex\">\n<figure class=\"wp-block-image size-large is-resized\"><img loading=\"lazy\" decoding=\"async\" src=\"http:\/\/joelgirauddepute.fr\/wp-content\/uploads\/2023\/09\/photo_2023-09-16_15-02-22-1024x768.jpg\" alt=\"\" class=\"wp-image-7706\" style=\"width:334px;height:251px\" width=\"334\" height=\"251\" srcset=\"http:\/\/joelgirauddepute.fr\/wp-content\/uploads\/2023\/09\/photo_2023-09-16_15-02-22-1024x768.jpg 1024w, http:\/\/joelgirauddepute.fr\/wp-content\/uploads\/2023\/09\/photo_2023-09-16_15-02-22-300x225.jpg 300w, http:\/\/joelgirauddepute.fr\/wp-content\/uploads\/2023\/09\/photo_2023-09-16_15-02-22-768x576.jpg 768w, http:\/\/joelgirauddepute.fr\/wp-content\/uploads\/2023\/09\/photo_2023-09-16_15-02-22-678x509.jpg 678w, http:\/\/joelgirauddepute.fr\/wp-content\/uploads\/2023\/09\/photo_2023-09-16_15-02-22-326x245.jpg 326w, http:\/\/joelgirauddepute.fr\/wp-content\/uploads\/2023\/09\/photo_2023-09-16_15-02-22-80x60.jpg 80w, http:\/\/joelgirauddepute.fr\/wp-content\/uploads\/2023\/09\/photo_2023-09-16_15-02-22-rotated.jpg 1280w\" sizes=\"auto, (max-width: 334px) 100vw, 334px\" \/><\/figure>\n\n\n\n<figure class=\"wp-block-image size-large is-resized\"><img loading=\"lazy\" decoding=\"async\" src=\"http:\/\/joelgirauddepute.fr\/wp-content\/uploads\/2023\/09\/photo_2023-09-16_15-02-23-1024x768.jpg\" alt=\"\" class=\"wp-image-7707\" style=\"width:337px;height:253px\" width=\"337\" height=\"253\" srcset=\"http:\/\/joelgirauddepute.fr\/wp-content\/uploads\/2023\/09\/photo_2023-09-16_15-02-23-1024x768.jpg 1024w, http:\/\/joelgirauddepute.fr\/wp-content\/uploads\/2023\/09\/photo_2023-09-16_15-02-23-300x225.jpg 300w, http:\/\/joelgirauddepute.fr\/wp-content\/uploads\/2023\/09\/photo_2023-09-16_15-02-23-768x576.jpg 768w, http:\/\/joelgirauddepute.fr\/wp-content\/uploads\/2023\/09\/photo_2023-09-16_15-02-23-678x509.jpg 678w, http:\/\/joelgirauddepute.fr\/wp-content\/uploads\/2023\/09\/photo_2023-09-16_15-02-23-326x245.jpg 326w, http:\/\/joelgirauddepute.fr\/wp-content\/uploads\/2023\/09\/photo_2023-09-16_15-02-23-80x60.jpg 80w, http:\/\/joelgirauddepute.fr\/wp-content\/uploads\/2023\/09\/photo_2023-09-16_15-02-23-rotated.jpg 1280w\" sizes=\"auto, (max-width: 337px) 100vw, 337px\" \/><\/figure>\n<\/div>\n","protected":false},"excerpt":{"rendered":"<div class=\"mh-excerpt\"><p>Agriculture et \u00e9cologie font bon m\u00e9nage dans le parc r\u00e9gional du Queyras, \u00e0 la foire de la Saint-Mathieu.<\/p>\n<\/div>","protected":false},"author":1,"featured_media":7705,"comment_status":"closed","ping_status":"closed","sticky":false,"template":"","format":"standard","meta":{"footnotes":""},"categories":[43],"tags":[],"class_list":["post-7704","post","type-post","status-publish","format-standard","has-post-thumbnail","hentry","category-hautes-alpes"],"jetpack_featured_media_url":"http:\/\/joelgirauddepute.fr\/wp-content\/uploads\/2023\/09\/photo_2023-09-16_15-02-23-2.jpg","jetpack_sharing_enabled":true,"jetpack_shortlink":"https:\/\/wp.me\/pabfdt-20g","_links":{"self":[{"href":"http:\/\/joelgirauddepute.fr\/index.php\/wp-json\/wp\/v2\/posts\/7704","targetHints":{"allow":["GET"]}}],"collection":[{"href":"http:\/\/joelgirauddepute.fr\/index.php\/wp-json\/wp\/v2\/posts"}],"about":[{"href":"http:\/\/joelgirauddepute.fr\/index.php\/wp-json\/wp\/v2\/types\/post"}],"author":[{"embeddable":true,"href":"http:\/\/joelgirauddepute.fr\/index.php\/wp-json\/wp\/v2\/users\/1"}],"replies":[{"embeddable":true,"href":"http:\/\/joelgirauddepute.fr\/index.php\/wp-json\/wp\/v2\/comments?post=7704"}],"version-history":[{"count":1,"href":"http:\/\/joelgirauddepute.fr\/index.php\/wp-json\/wp\/v2\/posts\/7704\/revisions"}],"predecessor-version":[{"id":7708,"href":"http:\/\/joelgirauddepute.fr\/index.php\/wp-json\/wp\/v2\/posts\/7704\/revisions\/7708"}],"wp:featuredmedia":[{"embeddable":true,"href":"http:\/\/joelgirauddepute.fr\/index.php\/wp-json\/wp\/v2\/media\/7705"}],"wp:attachment":[{"href":"http:\/\/joelgirauddepute.fr\/index.php\/wp-json\/wp\/v2\/media?parent=7704"}],"wp:term":[{"taxonomy":"category","embeddable":true,"href":"http:\/\/joelgirauddepute.fr\/index.php\/wp-json\/wp\/v2\/categories?post=7704"},{"taxonomy":"post_tag","embeddable":true,"href":"http:\/\/joelgirauddepute.fr\/index.php\/wp-json\/wp\/v2\/tags?post=7704"}],"curies":[{"name":"wp","href":"https:\/\/api.w.org\/{rel}","templated":true}]}}