{"id":7701,"date":"2023-09-18T16:53:47","date_gmt":"2023-09-18T14:53:47","guid":{"rendered":"http:\/\/joelgirauddepute.fr\/?p=7701"},"modified":"2023-09-26T17:10:04","modified_gmt":"2023-09-26T15:10:04","slug":"inauguration-a-pont-du-fosse","status":"publish","type":"post","link":"http:\/\/joelgirauddepute.fr\/index.php\/2023\/09\/18\/inauguration-a-pont-du-fosse\/","title":{"rendered":"Inauguration \u00e0 Pont du Foss\u00e9"},"content":{"rendered":"\n<p>\u00c0 Pont du Foss\u00e9 tout est fait pour que le vivre ensemble soit le ma\u00eetre-mot de ce bourg-centre dynamique. La maison de la vall\u00e9e r\u00e9nov\u00e9e en t\u00e9moigne ! Bravo \u00e0 la municipalit\u00e9<\/p>\n\n\n\n<p><\/p>\n\n\n\n<figure class=\"wp-block-image size-large\"><img loading=\"lazy\" decoding=\"async\" width=\"768\" height=\"1024\" src=\"http:\/\/joelgirauddepute.fr\/wp-content\/uploads\/2023\/09\/photo_2023-09-18_08-28-06-768x1024.jpg\" alt=\"\" class=\"wp-image-7725\" srcset=\"http:\/\/joelgirauddepute.fr\/wp-content\/uploads\/2023\/09\/photo_2023-09-18_08-28-06-768x1024.jpg 768w, http:\/\/joelgirauddepute.fr\/wp-content\/uploads\/2023\/09\/photo_2023-09-18_08-28-06-225x300.jpg 225w, http:\/\/joelgirauddepute.fr\/wp-content\/uploads\/2023\/09\/photo_2023-09-18_08-28-06.jpg 960w\" sizes=\"auto, (max-width: 768px) 100vw, 768px\" \/><\/figure>\n\n\n\n<p><a href=\"https:\/\/c.ledauphine.com\/culture-loisirs\/2023\/09\/18\/la-maison-de-la-vallee-s-est-refait-une-beaute\">https:\/\/c.ledauphine.com\/culture-loisirs\/2023\/09\/18\/la-maison-de-la-vallee-s-est-refait-une-beaute<\/a><\/p>\n","protected":false},"excerpt":{"rendered":"<div class=\"mh-excerpt\"><p>\u00c0 Pont du Foss\u00e9 tout est fait pour que le vivre ensemble soit le ma\u00eetre-mot de ce bourg-centre dynamique. La maison de la vall\u00e9e r\u00e9nov\u00e9e <a class=\"mh-excerpt-more\" href=\"http:\/\/joelgirauddepute.fr\/index.php\/2023\/09\/18\/inauguration-a-pont-du-fosse\/\" title=\"Inauguration \u00e0 Pont du Foss\u00e9\">[&#8230;]<\/a><\/p>\n<\/div>","protected":false},"author":1,"featured_media":7702,"comment_status":"closed","ping_status":"closed","sticky":false,"template":"","format":"standard","meta":{"footnotes":""},"categories":[43,27],"tags":[],"class_list":["post-7701","post","type-post","status-publish","format-standard","has-post-thumbnail","hentry","category-hautes-alpes","category-inauguration"],"jetpack_featured_media_url":"http:\/\/joelgirauddepute.fr\/wp-content\/uploads\/2023\/09\/photo_2023-09-18_08-28-05.jpg","jetpack_sharing_enabled":true,"jetpack_shortlink":"https:\/\/wp.me\/pabfdt-20d","_links":{"self":[{"href":"http:\/\/joelgirauddepute.fr\/index.php\/wp-json\/wp\/v2\/posts\/7701","targetHints":{"allow":["GET"]}}],"collection":[{"href":"http:\/\/joelgirauddepute.fr\/index.php\/wp-json\/wp\/v2\/posts"}],"about":[{"href":"http:\/\/joelgirauddepute.fr\/index.php\/wp-json\/wp\/v2\/types\/post"}],"author":[{"embeddable":true,"href":"http:\/\/joelgirauddepute.fr\/index.php\/wp-json\/wp\/v2\/users\/1"}],"replies":[{"embeddable":true,"href":"http:\/\/joelgirauddepute.fr\/index.php\/wp-json\/wp\/v2\/comments?post=7701"}],"version-history":[{"count":3,"href":"http:\/\/joelgirauddepute.fr\/index.php\/wp-json\/wp\/v2\/posts\/7701\/revisions"}],"predecessor-version":[{"id":7726,"href":"http:\/\/joelgirauddepute.fr\/index.php\/wp-json\/wp\/v2\/posts\/7701\/revisions\/7726"}],"wp:featuredmedia":[{"embeddable":true,"href":"http:\/\/joelgirauddepute.fr\/index.php\/wp-json\/wp\/v2\/media\/7702"}],"wp:attachment":[{"href":"http:\/\/joelgirauddepute.fr\/index.php\/wp-json\/wp\/v2\/media?parent=7701"}],"wp:term":[{"taxonomy":"category","embeddable":true,"href":"http:\/\/joelgirauddepute.fr\/index.php\/wp-json\/wp\/v2\/categories?post=7701"},{"taxonomy":"post_tag","embeddable":true,"href":"http:\/\/joelgirauddepute.fr\/index.php\/wp-json\/wp\/v2\/tags?post=7701"}],"curies":[{"name":"wp","href":"https:\/\/api.w.org\/{rel}","templated":true}]}}