{"id":7696,"date":"2023-09-18T16:50:07","date_gmt":"2023-09-18T14:50:07","guid":{"rendered":"http:\/\/joelgirauddepute.fr\/?p=7696"},"modified":"2023-09-26T16:53:18","modified_gmt":"2023-09-26T14:53:18","slug":"inauguration-a-molines-en-queyras","status":"publish","type":"post","link":"http:\/\/joelgirauddepute.fr\/index.php\/2023\/09\/18\/inauguration-a-molines-en-queyras\/","title":{"rendered":"Inauguration \u00e0 Molines-en-Queyras"},"content":{"rendered":"\n<p>Voie verte, city stade, b\u00e2timent communal regroupant services techniques et pompiers. Molines \u00e0 la pointe de l&rsquo;\u00e9quilibre entre tourisme et population permanente. Bravo \u00e0 Val\u00e9rie Garcin et \u00e0 son \u00e9quipe ! <\/p>\n\n\n\n<figure class=\"wp-block-image size-full\"><img loading=\"lazy\" decoding=\"async\" width=\"1024\" height=\"768\" src=\"http:\/\/joelgirauddepute.fr\/wp-content\/uploads\/2023\/09\/photo_2023-09-18_13-33-13-2.jpg\" alt=\"\" class=\"wp-image-7697\" srcset=\"http:\/\/joelgirauddepute.fr\/wp-content\/uploads\/2023\/09\/photo_2023-09-18_13-33-13-2.jpg 1024w, http:\/\/joelgirauddepute.fr\/wp-content\/uploads\/2023\/09\/photo_2023-09-18_13-33-13-2-300x225.jpg 300w, http:\/\/joelgirauddepute.fr\/wp-content\/uploads\/2023\/09\/photo_2023-09-18_13-33-13-2-768x576.jpg 768w, http:\/\/joelgirauddepute.fr\/wp-content\/uploads\/2023\/09\/photo_2023-09-18_13-33-13-2-678x509.jpg 678w, http:\/\/joelgirauddepute.fr\/wp-content\/uploads\/2023\/09\/photo_2023-09-18_13-33-13-2-326x245.jpg 326w, http:\/\/joelgirauddepute.fr\/wp-content\/uploads\/2023\/09\/photo_2023-09-18_13-33-13-2-80x60.jpg 80w\" sizes=\"auto, (max-width: 1024px) 100vw, 1024px\" \/><\/figure>\n\n\n\n<p>L&rsquo;occasion pour moi de saluer Francis Martin. 45 ans de vie municipale dont 20 ans de maire au service de Molines-en-Queyras.<\/p>\n\n\n\n<figure class=\"wp-block-image size-full\"><img loading=\"lazy\" decoding=\"async\" width=\"623\" height=\"948\" src=\"http:\/\/joelgirauddepute.fr\/wp-content\/uploads\/2023\/09\/photo_2023-09-18_19-26-56.jpg\" alt=\"\" class=\"wp-image-7699\" srcset=\"http:\/\/joelgirauddepute.fr\/wp-content\/uploads\/2023\/09\/photo_2023-09-18_19-26-56.jpg 623w, http:\/\/joelgirauddepute.fr\/wp-content\/uploads\/2023\/09\/photo_2023-09-18_19-26-56-197x300.jpg 197w\" sizes=\"auto, (max-width: 623px) 100vw, 623px\" \/><\/figure>\n","protected":false},"excerpt":{"rendered":"<div class=\"mh-excerpt\"><p>Voie verte, city stade, b\u00e2timent communal regroupant services techniques et pompiers. Molines \u00e0 la pointe de l&rsquo;\u00e9quilibre entre tourisme et population permanente. Bravo \u00e0 Val\u00e9rie <a class=\"mh-excerpt-more\" href=\"http:\/\/joelgirauddepute.fr\/index.php\/2023\/09\/18\/inauguration-a-molines-en-queyras\/\" title=\"Inauguration \u00e0 Molines-en-Queyras\">[&#8230;]<\/a><\/p>\n<\/div>","protected":false},"author":1,"featured_media":7698,"comment_status":"closed","ping_status":"closed","sticky":false,"template":"","format":"standard","meta":{"footnotes":""},"categories":[43,27],"tags":[],"class_list":["post-7696","post","type-post","status-publish","format-standard","has-post-thumbnail","hentry","category-hautes-alpes","category-inauguration"],"jetpack_featured_media_url":"http:\/\/joelgirauddepute.fr\/wp-content\/uploads\/2023\/09\/photo_2023-09-18_13-33-07.jpg","jetpack_sharing_enabled":true,"jetpack_shortlink":"https:\/\/wp.me\/pabfdt-208","_links":{"self":[{"href":"http:\/\/joelgirauddepute.fr\/index.php\/wp-json\/wp\/v2\/posts\/7696","targetHints":{"allow":["GET"]}}],"collection":[{"href":"http:\/\/joelgirauddepute.fr\/index.php\/wp-json\/wp\/v2\/posts"}],"about":[{"href":"http:\/\/joelgirauddepute.fr\/index.php\/wp-json\/wp\/v2\/types\/post"}],"author":[{"embeddable":true,"href":"http:\/\/joelgirauddepute.fr\/index.php\/wp-json\/wp\/v2\/users\/1"}],"replies":[{"embeddable":true,"href":"http:\/\/joelgirauddepute.fr\/index.php\/wp-json\/wp\/v2\/comments?post=7696"}],"version-history":[{"count":1,"href":"http:\/\/joelgirauddepute.fr\/index.php\/wp-json\/wp\/v2\/posts\/7696\/revisions"}],"predecessor-version":[{"id":7700,"href":"http:\/\/joelgirauddepute.fr\/index.php\/wp-json\/wp\/v2\/posts\/7696\/revisions\/7700"}],"wp:featuredmedia":[{"embeddable":true,"href":"http:\/\/joelgirauddepute.fr\/index.php\/wp-json\/wp\/v2\/media\/7698"}],"wp:attachment":[{"href":"http:\/\/joelgirauddepute.fr\/index.php\/wp-json\/wp\/v2\/media?parent=7696"}],"wp:term":[{"taxonomy":"category","embeddable":true,"href":"http:\/\/joelgirauddepute.fr\/index.php\/wp-json\/wp\/v2\/categories?post=7696"},{"taxonomy":"post_tag","embeddable":true,"href":"http:\/\/joelgirauddepute.fr\/index.php\/wp-json\/wp\/v2\/tags?post=7696"}],"curies":[{"name":"wp","href":"https:\/\/api.w.org\/{rel}","templated":true}]}}