{"id":7692,"date":"2023-09-18T16:46:21","date_gmt":"2023-09-18T14:46:21","guid":{"rendered":"http:\/\/joelgirauddepute.fr\/?p=7692"},"modified":"2023-09-26T16:49:59","modified_gmt":"2023-09-26T14:49:59","slug":"inauguration-du-pole-de-service-de-guillestre","status":"publish","type":"post","link":"http:\/\/joelgirauddepute.fr\/index.php\/2023\/09\/18\/inauguration-du-pole-de-service-de-guillestre\/","title":{"rendered":"Inauguration du p\u00f4le de service de Guillestre"},"content":{"rendered":"\n<p>La 1\u00e8re pierre du p\u00f4le de services \u00e0 la population de Guillestre est pos\u00e9e ! En un seul lieu: Maison des solidarit\u00e9s du d\u00e9partement, France Services, Maison de sant\u00e9&#8230; Bravo \u00e0 la communaut\u00e9 de communes du Guillestrois-Queyras pour cette initiative remarquable. <\/p>\n\n\n\n<figure class=\"wp-block-image size-full\"><img loading=\"lazy\" decoding=\"async\" width=\"640\" height=\"480\" src=\"http:\/\/joelgirauddepute.fr\/wp-content\/uploads\/2023\/09\/photo_2023-09-18_16-43-42.jpg\" alt=\"\" class=\"wp-image-7694\" srcset=\"http:\/\/joelgirauddepute.fr\/wp-content\/uploads\/2023\/09\/photo_2023-09-18_16-43-42.jpg 640w, http:\/\/joelgirauddepute.fr\/wp-content\/uploads\/2023\/09\/photo_2023-09-18_16-43-42-300x225.jpg 300w, http:\/\/joelgirauddepute.fr\/wp-content\/uploads\/2023\/09\/photo_2023-09-18_16-43-42-326x245.jpg 326w, http:\/\/joelgirauddepute.fr\/wp-content\/uploads\/2023\/09\/photo_2023-09-18_16-43-42-80x60.jpg 80w\" sizes=\"auto, (max-width: 640px) 100vw, 640px\" \/><\/figure>\n","protected":false},"excerpt":{"rendered":"<div class=\"mh-excerpt\"><p>La 1\u00e8re pierre du p\u00f4le de services \u00e0 la population de Guillestre est pos\u00e9e ! En un seul lieu: Maison des solidarit\u00e9s du d\u00e9partement, France <a class=\"mh-excerpt-more\" href=\"http:\/\/joelgirauddepute.fr\/index.php\/2023\/09\/18\/inauguration-du-pole-de-service-de-guillestre\/\" title=\"Inauguration du p\u00f4le de service de Guillestre\">[&#8230;]<\/a><\/p>\n<\/div>","protected":false},"author":1,"featured_media":7693,"comment_status":"closed","ping_status":"closed","sticky":false,"template":"","format":"standard","meta":{"footnotes":""},"categories":[43,27],"tags":[],"class_list":["post-7692","post","type-post","status-publish","format-standard","has-post-thumbnail","hentry","category-hautes-alpes","category-inauguration"],"jetpack_featured_media_url":"http:\/\/joelgirauddepute.fr\/wp-content\/uploads\/2023\/09\/photo_2023-09-18_16-43-42-2.jpg","jetpack_sharing_enabled":true,"jetpack_shortlink":"https:\/\/wp.me\/pabfdt-204","_links":{"self":[{"href":"http:\/\/joelgirauddepute.fr\/index.php\/wp-json\/wp\/v2\/posts\/7692","targetHints":{"allow":["GET"]}}],"collection":[{"href":"http:\/\/joelgirauddepute.fr\/index.php\/wp-json\/wp\/v2\/posts"}],"about":[{"href":"http:\/\/joelgirauddepute.fr\/index.php\/wp-json\/wp\/v2\/types\/post"}],"author":[{"embeddable":true,"href":"http:\/\/joelgirauddepute.fr\/index.php\/wp-json\/wp\/v2\/users\/1"}],"replies":[{"embeddable":true,"href":"http:\/\/joelgirauddepute.fr\/index.php\/wp-json\/wp\/v2\/comments?post=7692"}],"version-history":[{"count":1,"href":"http:\/\/joelgirauddepute.fr\/index.php\/wp-json\/wp\/v2\/posts\/7692\/revisions"}],"predecessor-version":[{"id":7695,"href":"http:\/\/joelgirauddepute.fr\/index.php\/wp-json\/wp\/v2\/posts\/7692\/revisions\/7695"}],"wp:featuredmedia":[{"embeddable":true,"href":"http:\/\/joelgirauddepute.fr\/index.php\/wp-json\/wp\/v2\/media\/7693"}],"wp:attachment":[{"href":"http:\/\/joelgirauddepute.fr\/index.php\/wp-json\/wp\/v2\/media?parent=7692"}],"wp:term":[{"taxonomy":"category","embeddable":true,"href":"http:\/\/joelgirauddepute.fr\/index.php\/wp-json\/wp\/v2\/categories?post=7692"},{"taxonomy":"post_tag","embeddable":true,"href":"http:\/\/joelgirauddepute.fr\/index.php\/wp-json\/wp\/v2\/tags?post=7692"}],"curies":[{"name":"wp","href":"https:\/\/api.w.org\/{rel}","templated":true}]}}