{"id":7680,"date":"2023-09-26T16:37:47","date_gmt":"2023-09-26T14:37:47","guid":{"rendered":"http:\/\/joelgirauddepute.fr\/?p=7680"},"modified":"2023-09-26T16:37:49","modified_gmt":"2023-09-26T14:37:49","slug":"manifestation-des-deputes-en-soutien-a-larmenie","status":"publish","type":"post","link":"http:\/\/joelgirauddepute.fr\/index.php\/2023\/09\/26\/manifestation-des-deputes-en-soutien-a-larmenie\/","title":{"rendered":"Manifestation des d\u00e9put\u00e9s en soutien \u00e0 l&rsquo;Arm\u00e9nie"},"content":{"rendered":"\n<p>Soutien total de la part des d\u00e9put\u00e9s et des s\u00e9nateurs \u00e0 l&rsquo;Arm\u00e9nie et aux Arm\u00e9niens, suite \u00e0 l&rsquo;agression azerba\u00efdjanaise dans le Haut-Karabakh. Nul ne devrait \u00eatre contraint \u00e0 l&rsquo;exode. L&rsquo;Azerba\u00efdjan doit respecter le droit international et cesser son agression.<\/p>\n","protected":false},"excerpt":{"rendered":"<div class=\"mh-excerpt\"><p>Soutien total de la part des d\u00e9put\u00e9s et des s\u00e9nateurs \u00e0 l&rsquo;Arm\u00e9nie et aux Arm\u00e9niens, suite \u00e0 l&rsquo;agression azerba\u00efdjanaise dans le Haut-Karabakh. Nul ne devrait <a class=\"mh-excerpt-more\" href=\"http:\/\/joelgirauddepute.fr\/index.php\/2023\/09\/26\/manifestation-des-deputes-en-soutien-a-larmenie\/\" title=\"Manifestation des d\u00e9put\u00e9s en soutien \u00e0 l&rsquo;Arm\u00e9nie\">[&#8230;]<\/a><\/p>\n<\/div>","protected":false},"author":1,"featured_media":7681,"comment_status":"closed","ping_status":"closed","sticky":false,"template":"","format":"standard","meta":{"footnotes":""},"categories":[1],"tags":[],"class_list":["post-7680","post","type-post","status-publish","format-standard","has-post-thumbnail","hentry","category-non-classe"],"jetpack_featured_media_url":"http:\/\/joelgirauddepute.fr\/wp-content\/uploads\/2023\/09\/photo_2023-09-26_15-28-00.jpg","jetpack_sharing_enabled":true,"jetpack_shortlink":"https:\/\/wp.me\/pabfdt-1ZS","_links":{"self":[{"href":"http:\/\/joelgirauddepute.fr\/index.php\/wp-json\/wp\/v2\/posts\/7680","targetHints":{"allow":["GET"]}}],"collection":[{"href":"http:\/\/joelgirauddepute.fr\/index.php\/wp-json\/wp\/v2\/posts"}],"about":[{"href":"http:\/\/joelgirauddepute.fr\/index.php\/wp-json\/wp\/v2\/types\/post"}],"author":[{"embeddable":true,"href":"http:\/\/joelgirauddepute.fr\/index.php\/wp-json\/wp\/v2\/users\/1"}],"replies":[{"embeddable":true,"href":"http:\/\/joelgirauddepute.fr\/index.php\/wp-json\/wp\/v2\/comments?post=7680"}],"version-history":[{"count":2,"href":"http:\/\/joelgirauddepute.fr\/index.php\/wp-json\/wp\/v2\/posts\/7680\/revisions"}],"predecessor-version":[{"id":7683,"href":"http:\/\/joelgirauddepute.fr\/index.php\/wp-json\/wp\/v2\/posts\/7680\/revisions\/7683"}],"wp:featuredmedia":[{"embeddable":true,"href":"http:\/\/joelgirauddepute.fr\/index.php\/wp-json\/wp\/v2\/media\/7681"}],"wp:attachment":[{"href":"http:\/\/joelgirauddepute.fr\/index.php\/wp-json\/wp\/v2\/media?parent=7680"}],"wp:term":[{"taxonomy":"category","embeddable":true,"href":"http:\/\/joelgirauddepute.fr\/index.php\/wp-json\/wp\/v2\/categories?post=7680"},{"taxonomy":"post_tag","embeddable":true,"href":"http:\/\/joelgirauddepute.fr\/index.php\/wp-json\/wp\/v2\/tags?post=7680"}],"curies":[{"name":"wp","href":"https:\/\/api.w.org\/{rel}","templated":true}]}}