{"id":7674,"date":"2023-08-29T10:13:11","date_gmt":"2023-08-29T08:13:11","guid":{"rendered":"http:\/\/joelgirauddepute.fr\/?p=7674"},"modified":"2024-01-18T17:05:17","modified_gmt":"2024-01-18T16:05:17","slug":"protection-des-animaux-transport-et-operations-annexes-courrier-au-ministre-de-lagriculture","status":"publish","type":"post","link":"http:\/\/joelgirauddepute.fr\/index.php\/2023\/08\/29\/protection-des-animaux-transport-et-operations-annexes-courrier-au-ministre-de-lagriculture\/","title":{"rendered":"Protection des animaux, transport et op\u00e9rations annexes &#8211; Courrier au Ministre de l&rsquo;Agriculture"},"content":{"rendered":"\n<p><strong>Ce mardi 29 ao\u00fbt a \u00e9t\u00e9 adress\u00e9 un courrier au Ministre de l&rsquo;Agriculture et de la Souverainet\u00e9 alimentaire &#8211; Marc Fesneau &#8211; \u00e0 l&rsquo;initiative de la d\u00e9put\u00e9e Sandrine LE FEUR. Cosign\u00e9e par Jo\u00ebl Giraud, la lettre attire l&rsquo;attention sur les conditions de transport des animaux et la n\u00e9cessit\u00e9 de les am\u00e9liorer. <\/strong><\/p>\n\n\n\n<p>Ces conditions sont aujourd&rsquo;hui en France tr\u00e8s encadr\u00e9es, afin de garantir au mieux le bien-\u00eatre de l&rsquo;animal lors du transport de ces derniers. Les vingt d\u00e9put\u00e9s et d\u00e9put\u00e9es signataires ont ainsi la volont\u00e9 de les renforcer, afin de faire de la France un exemple en la mati\u00e8re : <\/p>\n\n\n\n<p>\u00ab\u00a0<em>Des exigences suppl\u00e9mentaires sont requises pour les transports sup\u00e9rieurs \u00e0 8 heures dits de longue dur\u00e9e, notamment: liti\u00e8re adapt\u00e9e, respect des conditions minimum d&rsquo;\u00e2ge ou de poids, [&#8230;] et possibilit\u00e9 de faire boire et nourrir les animaux \u00e0 bord\u00a0\u00bb<\/em><\/p>\n\n\n\n<p>Une r\u00e9glementation plus forte qui devrait \u00e9galement favoriser les circuits courts, qui repr\u00e9sentent l&rsquo;avenir des zones de montagne et remettent du sens dans nos assiettes. Les signataires entendent faire respecter ses mesures aux fronti\u00e8res europ\u00e9ennes, avec de meilleurs contr\u00f4les et une meilleure tra\u00e7abilit\u00e9 pour les animaux. <\/p>\n\n\n\n<div data-wp-interactive=\"core\/file\" class=\"wp-block-file\"><object data-wp-bind--hidden=\"!state.hasPdfPreview\" hidden class=\"wp-block-file__embed\" data=\"https:\/\/joelgirauddepute.fr\/wp-content\/uploads\/2024\/01\/Cosignature-FESNEAU-Protectiondesanimauxtransportetoperationsannexes-1.pdf\" type=\"application\/pdf\" style=\"width:100%;height:600px\" aria-label=\"Contenu embarqu\u00e9 Cosignature-FESNEAU-Protectiondesanimauxtransportetoperationsannexes-1.\"><\/object><a id=\"wp-block-file--media-fc391585-6e5e-453f-93b0-e7a5e669648b\" href=\"https:\/\/joelgirauddepute.fr\/wp-content\/uploads\/2024\/01\/Cosignature-FESNEAU-Protectiondesanimauxtransportetoperationsannexes-1.pdf\">Cosignature-FESNEAU-Protectiondesanimauxtransportetoperationsannexes-1<\/a><a href=\"https:\/\/joelgirauddepute.fr\/wp-content\/uploads\/2024\/01\/Cosignature-FESNEAU-Protectiondesanimauxtransportetoperationsannexes-1.pdf\" class=\"wp-block-file__button wp-element-button\" download aria-describedby=\"wp-block-file--media-fc391585-6e5e-453f-93b0-e7a5e669648b\">T\u00e9l\u00e9charger<\/a><\/div>\n\n\n\n<div data-wp-interactive=\"core\/file\" class=\"wp-block-file\"><object data-wp-bind--hidden=\"!state.hasPdfPreview\" hidden class=\"wp-block-file__embed\" data=\"https:\/\/joelgirauddepute.fr\/wp-content\/uploads\/2024\/01\/MarcFESNEAUaJGIRAUDtransportanimauxelevage080124.pdf\" type=\"application\/pdf\" style=\"width:100%;height:600px\" aria-label=\"Contenu embarqu\u00e9 MarcFESNEAUaJGIRAUDtransportanimauxelevage080124.\"><\/object><a id=\"wp-block-file--media-4edea1a2-a6a0-492e-844f-552157afec82\" href=\"https:\/\/joelgirauddepute.fr\/wp-content\/uploads\/2024\/01\/MarcFESNEAUaJGIRAUDtransportanimauxelevage080124.pdf\">MarcFESNEAUaJGIRAUDtransportanimauxelevage080124<\/a><a href=\"https:\/\/joelgirauddepute.fr\/wp-content\/uploads\/2024\/01\/MarcFESNEAUaJGIRAUDtransportanimauxelevage080124.pdf\" class=\"wp-block-file__button wp-element-button\" download aria-describedby=\"wp-block-file--media-4edea1a2-a6a0-492e-844f-552157afec82\">T\u00e9l\u00e9charger<\/a><\/div>\n","protected":false},"excerpt":{"rendered":"<div class=\"mh-excerpt\"><p>Ce mardi 29 ao\u00fbt a \u00e9t\u00e9 adress\u00e9 un courrier au Ministre de l&rsquo;Agriculture et de la Souverainet\u00e9 alimentaire &#8211; Marc Fesneau &#8211; \u00e0 l&rsquo;initiative de <a class=\"mh-excerpt-more\" href=\"http:\/\/joelgirauddepute.fr\/index.php\/2023\/08\/29\/protection-des-animaux-transport-et-operations-annexes-courrier-au-ministre-de-lagriculture\/\" title=\"Protection des animaux, transport et op\u00e9rations annexes &#8211; Courrier au Ministre de l&rsquo;Agriculture\">[&#8230;]<\/a><\/p>\n<\/div>","protected":false},"author":1,"featured_media":7677,"comment_status":"closed","ping_status":"closed","sticky":false,"template":"","format":"standard","meta":{"footnotes":""},"categories":[23],"tags":[],"class_list":["post-7674","post","type-post","status-publish","format-standard","has-post-thumbnail","hentry","category-agriculture"],"jetpack_featured_media_url":"http:\/\/joelgirauddepute.fr\/wp-content\/uploads\/2023\/09\/elevage-en-agroecologie-e1614766757325.jpg","jetpack_sharing_enabled":true,"jetpack_shortlink":"https:\/\/wp.me\/pabfdt-1ZM","_links":{"self":[{"href":"http:\/\/joelgirauddepute.fr\/index.php\/wp-json\/wp\/v2\/posts\/7674","targetHints":{"allow":["GET"]}}],"collection":[{"href":"http:\/\/joelgirauddepute.fr\/index.php\/wp-json\/wp\/v2\/posts"}],"about":[{"href":"http:\/\/joelgirauddepute.fr\/index.php\/wp-json\/wp\/v2\/types\/post"}],"author":[{"embeddable":true,"href":"http:\/\/joelgirauddepute.fr\/index.php\/wp-json\/wp\/v2\/users\/1"}],"replies":[{"embeddable":true,"href":"http:\/\/joelgirauddepute.fr\/index.php\/wp-json\/wp\/v2\/comments?post=7674"}],"version-history":[{"count":3,"href":"http:\/\/joelgirauddepute.fr\/index.php\/wp-json\/wp\/v2\/posts\/7674\/revisions"}],"predecessor-version":[{"id":8126,"href":"http:\/\/joelgirauddepute.fr\/index.php\/wp-json\/wp\/v2\/posts\/7674\/revisions\/8126"}],"wp:featuredmedia":[{"embeddable":true,"href":"http:\/\/joelgirauddepute.fr\/index.php\/wp-json\/wp\/v2\/media\/7677"}],"wp:attachment":[{"href":"http:\/\/joelgirauddepute.fr\/index.php\/wp-json\/wp\/v2\/media?parent=7674"}],"wp:term":[{"taxonomy":"category","embeddable":true,"href":"http:\/\/joelgirauddepute.fr\/index.php\/wp-json\/wp\/v2\/categories?post=7674"},{"taxonomy":"post_tag","embeddable":true,"href":"http:\/\/joelgirauddepute.fr\/index.php\/wp-json\/wp\/v2\/tags?post=7674"}],"curies":[{"name":"wp","href":"https:\/\/api.w.org\/{rel}","templated":true}]}}