{"id":7663,"date":"2023-09-13T12:20:49","date_gmt":"2023-09-13T10:20:49","guid":{"rendered":"http:\/\/joelgirauddepute.fr\/?p=7663"},"modified":"2023-10-11T10:42:46","modified_gmt":"2023-10-11T08:42:46","slug":"reunion-sur-le-plan-national-dactions-2024-2029-sur-le-loup-et-les-activites-delevage","status":"publish","type":"post","link":"http:\/\/joelgirauddepute.fr\/index.php\/2023\/09\/13\/reunion-sur-le-plan-national-dactions-2024-2029-sur-le-loup-et-les-activites-delevage\/","title":{"rendered":"R\u00e9union sur le Plan national d\u2019actions 2024-2029 sur le loup et les activit\u00e9s d&rsquo;\u00e9levage"},"content":{"rendered":"\n<p><strong>&nbsp;C\u2019est en pr\u00e9sence du Ministre de l\u2019Agriculture, Marc FESNEAU, du Ministre de la Transition \u00e9cologique et de la Coh\u00e9sion des territoires, Christophe BECHU, et de la Secr\u00e9taire d\u2019\u00c9tat charg\u00e9e de la Biodiversit\u00e9, Sarah EL HAIRY que s\u2019est tenue le mercredi 13 septembre une r\u00e9union pr\u00e9paratoire \u00e0 l\u2019\u00e9laboration du Plan national d\u2019actions 2024-2029 sur le loup et les activit\u00e9s d&rsquo;\u00e9levage, auquel Jo\u00ebl GIRAUD a assist\u00e9.<\/strong><\/p>\n\n\n\n<p>Des d\u00e9put\u00e9s de la majorit\u00e9, dont le d\u00e9put\u00e9 des Hautes-Alpes, ont r\u00e9cemment publi\u00e9 une tribune demandant au Gouvernement des mesures plus efficaces face \u00e0 l\u2019augmentation de la pr\u00e9dation. Tribune qui a trouv\u00e9 un \u00e9cho avec les r\u00e9centes d\u00e9claration de la Pr\u00e9sidente de la Commission europ\u00e9enne, Ursula von der Leyen, qui s\u2019inqui\u00e8te d\u2019un \u00ab r\u00e9el danger pour le b\u00e9tail \u00bb.<\/p>\n\n\n\n<p>Cette r\u00e9union a \u00e9t\u00e9 l\u2019occasion pour les d\u00e9put\u00e9s de d\u00e9partements ruraux de rappeler qu\u2019un \u00e9quilibre n\u00e9cessaire et juste est \u00e0 trouver entre la pr\u00e9servation de la biodiversit\u00e9&nbsp; et la protection des \u00e9leveurs, financi\u00e8re et morale. Ils ont \u00e9galement insist\u00e9 sur le fait que l\u2019augmentation des attaques de loup met en p\u00e9ril la pratique traditionnelle du pastoralisme, dont le maintien est n\u00e9cessaire afin d\u2019entretenir les espaces montagnards et d\u2019emp\u00eacher la propagation des feux en montagne. Jo\u00ebl GIRAUD s\u2019est dit attentif aux annonces du PNA le 18 septembre prochain et attend des actions concr\u00e8tes en faveur d\u2019un meilleur \u00e9quilibre.<\/p>\n\n\n\n<p><a href=\"https:\/\/www.ledauphine.com\/environnement\/2023\/09\/13\/joel-giraud-veut-des-mesures-plus-efficaces-face-a-l-augmentation-de-la-predation\">Hautes-Alpes. Jo\u00ebl Giraud veut des \u201cmesures plus efficaces face \u00e0 l\u2019augmentation de la pr\u00e9dation\u201d (ledauphine.com)<\/a><\/p>\n\n\n\n<p>Suite \u00e0 cette r\u00e9union, un courrier cosign\u00e9 par Jo\u00ebl GIRAUD a \u00e9t\u00e9 envoy\u00e9 au ministre Marc FESNEAU <br><\/p>\n\n\n\n<div data-wp-interactive=\"core\/file\" class=\"wp-block-file\"><object data-wp-bind--hidden=\"!state.hasPdfPreview\" hidden class=\"wp-block-file__embed\" data=\"http:\/\/joelgirauddepute.fr\/wp-content\/uploads\/2023\/10\/Courrier-cosigne-a-Marc-FESNEAU-suite-plan-loup-021023.pdf\" type=\"application\/pdf\" style=\"width:100%;height:600px\" aria-label=\"Contenu embarqu\u00e9 Courrier-cosigne-a-Marc-FESNEAU-suite-plan-loup-021023.\"><\/object><a id=\"wp-block-file--media-e5143cdd-100f-447b-91a7-ae650e188e67\" href=\"http:\/\/joelgirauddepute.fr\/wp-content\/uploads\/2023\/10\/Courrier-cosigne-a-Marc-FESNEAU-suite-plan-loup-021023.pdf\">Courrier-cosigne-a-Marc-FESNEAU-suite-plan-loup-021023<\/a><a href=\"http:\/\/joelgirauddepute.fr\/wp-content\/uploads\/2023\/10\/Courrier-cosigne-a-Marc-FESNEAU-suite-plan-loup-021023.pdf\" class=\"wp-block-file__button wp-element-button\" download aria-describedby=\"wp-block-file--media-e5143cdd-100f-447b-91a7-ae650e188e67\">T\u00e9l\u00e9charger<\/a><\/div>\n","protected":false},"excerpt":{"rendered":"<div class=\"mh-excerpt\"><p>&nbsp;C\u2019est en pr\u00e9sence du Ministre de l\u2019Agriculture, Marc FESNEAU, du Ministre de la Transition \u00e9cologique et de la Coh\u00e9sion des territoires, Christophe BECHU, et de <a class=\"mh-excerpt-more\" href=\"http:\/\/joelgirauddepute.fr\/index.php\/2023\/09\/13\/reunion-sur-le-plan-national-dactions-2024-2029-sur-le-loup-et-les-activites-delevage\/\" title=\"R\u00e9union sur le Plan national d\u2019actions 2024-2029 sur le loup et les activit\u00e9s d&rsquo;\u00e9levage\">[&#8230;]<\/a><\/p>\n<\/div>","protected":false},"author":1,"featured_media":7664,"comment_status":"closed","ping_status":"closed","sticky":false,"template":"","format":"standard","meta":{"footnotes":""},"categories":[23,43],"tags":[],"class_list":["post-7663","post","type-post","status-publish","format-standard","has-post-thumbnail","hentry","category-agriculture","category-hautes-alpes"],"jetpack_featured_media_url":"http:\/\/joelgirauddepute.fr\/wp-content\/uploads\/2023\/09\/photo_2023-09-13_09-58-49.jpg","jetpack_sharing_enabled":true,"jetpack_shortlink":"https:\/\/wp.me\/pabfdt-1ZB","_links":{"self":[{"href":"http:\/\/joelgirauddepute.fr\/index.php\/wp-json\/wp\/v2\/posts\/7663","targetHints":{"allow":["GET"]}}],"collection":[{"href":"http:\/\/joelgirauddepute.fr\/index.php\/wp-json\/wp\/v2\/posts"}],"about":[{"href":"http:\/\/joelgirauddepute.fr\/index.php\/wp-json\/wp\/v2\/types\/post"}],"author":[{"embeddable":true,"href":"http:\/\/joelgirauddepute.fr\/index.php\/wp-json\/wp\/v2\/users\/1"}],"replies":[{"embeddable":true,"href":"http:\/\/joelgirauddepute.fr\/index.php\/wp-json\/wp\/v2\/comments?post=7663"}],"version-history":[{"count":3,"href":"http:\/\/joelgirauddepute.fr\/index.php\/wp-json\/wp\/v2\/posts\/7663\/revisions"}],"predecessor-version":[{"id":7753,"href":"http:\/\/joelgirauddepute.fr\/index.php\/wp-json\/wp\/v2\/posts\/7663\/revisions\/7753"}],"wp:featuredmedia":[{"embeddable":true,"href":"http:\/\/joelgirauddepute.fr\/index.php\/wp-json\/wp\/v2\/media\/7664"}],"wp:attachment":[{"href":"http:\/\/joelgirauddepute.fr\/index.php\/wp-json\/wp\/v2\/media?parent=7663"}],"wp:term":[{"taxonomy":"category","embeddable":true,"href":"http:\/\/joelgirauddepute.fr\/index.php\/wp-json\/wp\/v2\/categories?post=7663"},{"taxonomy":"post_tag","embeddable":true,"href":"http:\/\/joelgirauddepute.fr\/index.php\/wp-json\/wp\/v2\/tags?post=7663"}],"curies":[{"name":"wp","href":"https:\/\/api.w.org\/{rel}","templated":true}]}}