{"id":7563,"date":"2023-07-08T11:33:52","date_gmt":"2023-07-08T09:33:52","guid":{"rendered":"http:\/\/joelgirauddepute.fr\/?p=7563"},"modified":"2023-07-11T11:39:52","modified_gmt":"2023-07-11T09:39:52","slug":"vernissage-de-lexposition-du-pin-cembro-a-la-sculpture-sur-bois","status":"publish","type":"post","link":"http:\/\/joelgirauddepute.fr\/index.php\/2023\/07\/08\/vernissage-de-lexposition-du-pin-cembro-a-la-sculpture-sur-bois\/","title":{"rendered":"Vernissage de l&rsquo;exposition \u00ab\u00a0Du pin cembro \u00e0 la sculpture sur bois\u00a0\u00bb"},"content":{"rendered":"\n<p>A Ceillac le pass\u00e9 r\u00e9pond de l\u2019avenir. Le samedi 8 juillet, l&rsquo;Eglise Sainte-C\u00e9cile de Ceillac accueillait un tout autre public dans le cadre du vernissage de l&rsquo;exposition \u00ab\u00a0Du pin cembro \u00e0 la sculpture sur bois\u00a0\u00bb.<\/p>\n\n\n\n<p>Jo\u00ebl Giraud se r\u00e9jouit de voir que la future Ecole du Bois posera ses fondations au coeur d&rsquo;un territoire qui a \u00e0 coeur de valoriser cette ressource dans un lieu qui inspire par la beaut\u00e9 de ses paysages.<\/p>\n\n\n\n<figure class=\"wp-block-image size-full\"><img loading=\"lazy\" decoding=\"async\" width=\"1000\" height=\"671\" src=\"http:\/\/joelgirauddepute.fr\/wp-content\/uploads\/2023\/07\/ceillac-expo-2023-joel-2_resized_20230710_035840400.jpg\" alt=\"\" class=\"wp-image-7565\" srcset=\"http:\/\/joelgirauddepute.fr\/wp-content\/uploads\/2023\/07\/ceillac-expo-2023-joel-2_resized_20230710_035840400.jpg 1000w, http:\/\/joelgirauddepute.fr\/wp-content\/uploads\/2023\/07\/ceillac-expo-2023-joel-2_resized_20230710_035840400-300x201.jpg 300w, http:\/\/joelgirauddepute.fr\/wp-content\/uploads\/2023\/07\/ceillac-expo-2023-joel-2_resized_20230710_035840400-768x515.jpg 768w\" sizes=\"auto, (max-width: 1000px) 100vw, 1000px\" \/><\/figure>\n\n\n\n<figure class=\"wp-block-image size-large\"><img loading=\"lazy\" decoding=\"async\" width=\"1024\" height=\"437\" src=\"http:\/\/joelgirauddepute.fr\/wp-content\/uploads\/2023\/07\/ceillac-expo-2023-joel-7_resized_20230710_035840544-1024x437.jpg\" alt=\"\" class=\"wp-image-7566\" srcset=\"http:\/\/joelgirauddepute.fr\/wp-content\/uploads\/2023\/07\/ceillac-expo-2023-joel-7_resized_20230710_035840544-1024x437.jpg 1024w, http:\/\/joelgirauddepute.fr\/wp-content\/uploads\/2023\/07\/ceillac-expo-2023-joel-7_resized_20230710_035840544-300x128.jpg 300w, http:\/\/joelgirauddepute.fr\/wp-content\/uploads\/2023\/07\/ceillac-expo-2023-joel-7_resized_20230710_035840544-768x327.jpg 768w, http:\/\/joelgirauddepute.fr\/wp-content\/uploads\/2023\/07\/ceillac-expo-2023-joel-7_resized_20230710_035840544.jpg 1250w\" sizes=\"auto, (max-width: 1024px) 100vw, 1024px\" \/><\/figure>\n","protected":false},"excerpt":{"rendered":"<div class=\"mh-excerpt\"><p>A Ceillac le pass\u00e9 r\u00e9pond de l\u2019avenir. Le samedi 8 juillet, l&rsquo;Eglise Sainte-C\u00e9cile de Ceillac accueillait un tout autre public dans le cadre du vernissage <a class=\"mh-excerpt-more\" href=\"http:\/\/joelgirauddepute.fr\/index.php\/2023\/07\/08\/vernissage-de-lexposition-du-pin-cembro-a-la-sculpture-sur-bois\/\" title=\"Vernissage de l&rsquo;exposition \u00ab\u00a0Du pin cembro \u00e0 la sculpture sur bois\u00a0\u00bb\">[&#8230;]<\/a><\/p>\n<\/div>","protected":false},"author":1,"featured_media":7564,"comment_status":"closed","ping_status":"closed","sticky":false,"template":"","format":"standard","meta":{"footnotes":""},"categories":[4],"tags":[],"class_list":["post-7563","post","type-post","status-publish","format-standard","has-post-thumbnail","hentry","category-circo"],"jetpack_featured_media_url":"http:\/\/joelgirauddepute.fr\/wp-content\/uploads\/2023\/07\/ceillac-expo-2023-joel-6_resized_20230710_035840675.jpg","jetpack_sharing_enabled":true,"jetpack_shortlink":"https:\/\/wp.me\/pabfdt-1XZ","_links":{"self":[{"href":"http:\/\/joelgirauddepute.fr\/index.php\/wp-json\/wp\/v2\/posts\/7563","targetHints":{"allow":["GET"]}}],"collection":[{"href":"http:\/\/joelgirauddepute.fr\/index.php\/wp-json\/wp\/v2\/posts"}],"about":[{"href":"http:\/\/joelgirauddepute.fr\/index.php\/wp-json\/wp\/v2\/types\/post"}],"author":[{"embeddable":true,"href":"http:\/\/joelgirauddepute.fr\/index.php\/wp-json\/wp\/v2\/users\/1"}],"replies":[{"embeddable":true,"href":"http:\/\/joelgirauddepute.fr\/index.php\/wp-json\/wp\/v2\/comments?post=7563"}],"version-history":[{"count":1,"href":"http:\/\/joelgirauddepute.fr\/index.php\/wp-json\/wp\/v2\/posts\/7563\/revisions"}],"predecessor-version":[{"id":7567,"href":"http:\/\/joelgirauddepute.fr\/index.php\/wp-json\/wp\/v2\/posts\/7563\/revisions\/7567"}],"wp:featuredmedia":[{"embeddable":true,"href":"http:\/\/joelgirauddepute.fr\/index.php\/wp-json\/wp\/v2\/media\/7564"}],"wp:attachment":[{"href":"http:\/\/joelgirauddepute.fr\/index.php\/wp-json\/wp\/v2\/media?parent=7563"}],"wp:term":[{"taxonomy":"category","embeddable":true,"href":"http:\/\/joelgirauddepute.fr\/index.php\/wp-json\/wp\/v2\/categories?post=7563"},{"taxonomy":"post_tag","embeddable":true,"href":"http:\/\/joelgirauddepute.fr\/index.php\/wp-json\/wp\/v2\/tags?post=7563"}],"curies":[{"name":"wp","href":"https:\/\/api.w.org\/{rel}","templated":true}]}}