{"id":7430,"date":"2023-06-01T09:15:08","date_gmt":"2023-06-01T07:15:08","guid":{"rendered":"http:\/\/joelgirauddepute.fr\/?p=7430"},"modified":"2023-06-05T09:21:10","modified_gmt":"2023-06-05T07:21:10","slug":"des-eleves-recoivent-le-prix-du-gouverneur-militaire-le-dauphine-libere","status":"publish","type":"post","link":"http:\/\/joelgirauddepute.fr\/index.php\/2023\/06\/01\/des-eleves-recoivent-le-prix-du-gouverneur-militaire-le-dauphine-libere\/","title":{"rendered":"Des \u00e9l\u00e8ves re\u00e7oivent le Prix du gouverneur militaire &#8211; Le Dauphin\u00e9 Lib\u00e9r\u00e9"},"content":{"rendered":"\n<p><strong>Les \u00e9l\u00e8ves de l\u2019atelier M\u00e9moire et avenir du coll\u00e8ge Les Giraudes ont re\u00e7u le Prix du gouverneur militaire pour leur film sur la Premi\u00e8re Guerre mondiale.<\/strong><\/p>\n\n\n\n<p>Les jeunes de l\u2019atelier M\u00e9moire et avenir du coll\u00e8ge Les Giraudes \u00e0 L\u2019Argenti\u00e8re-la-Bess\u00e9e ont re\u00e7u le Prix du gouverneur militaire de Marseille. Celui-ci r\u00e9compense \u00ab&nbsp;le travail collectif d\u2019une classe de 3<sup>e<\/sup>, qui sensibilise la jeunesse \u00e0 l\u2019esprit de d\u00e9fense, au lien entre arm\u00e9e et nation ou au devoir de m\u00e9moire&nbsp;\u00bb. Les \u00e9l\u00e8ves du club cin\u00e9ma du lyc\u00e9e d\u2019Altitude \u00e9taient \u00e9galement pr\u00e9sents \u00e0 la c\u00e9r\u00e9monie qui s\u2019est d\u00e9roul\u00e9e \u00e0 la sous-pr\u00e9fecture de Brian\u00e7on.<\/p>\n\n\n\n<p>Coll\u00e9giens et lyc\u00e9ens ont r\u00e9alis\u00e9 en partenariat le film&nbsp;<em>La gestion des bless\u00e9s pendant la Premi\u00e8re Guerre mondiale<\/em>. L\u2019atelier M\u00e9moire et avenir a men\u00e9 les recherches historiques, notamment avec l\u2019aide des Archives d\u00e9partementales. Les \u00e9l\u00e8ves ont ensuite \u00e9labor\u00e9 un sc\u00e9nario et se sont attribu\u00e9 diff\u00e9rents r\u00f4les (infirmiers, soldats, bless\u00e9s, entre autres). Avec ces \u00e9l\u00e9ments, les lyc\u00e9ens ont \u00e9tabli le story-board et les coll\u00e9giens ont appris leur texte. Le tournage du film de 46 minutes a ensuite eu lieu, en int\u00e9rieur et ext\u00e9rieur. Certaines sc\u00e8nes ont \u00e9t\u00e9 film\u00e9es \u00e0 L\u2019Argenti\u00e8re-la-Bess\u00e9e et au lyc\u00e9e d\u2019Altitude \u00e0 Brian\u00e7on. D\u2019autres s\u00e9quences ont eu lieu au fort des Aittes \u00e0 Cervi\u00e8res, \u00e0 l\u2019antenne m\u00e9dicale du 4<sup>e<\/sup>&nbsp;R\u00e9giment de chasseurs \u00e0 Gap et dans le Vaucluse pour les sc\u00e8nes de tranch\u00e9es.<\/p>\n\n\n\n<p>Les 15 \u00e9l\u00e8ves de l\u2019atelier M\u00e9moire sont issus des trois classes de 3<sup>e<\/sup>&nbsp;du coll\u00e8ge. \u00ab&nbsp;Les participants sont des volontaires s\u00e9lectionn\u00e9s sur leur motivation mais aussi pour leurs aptitudes \u00e0 la cr\u00e9ativit\u00e9, l\u2019\u00e9criture ou \u00e0 l\u2019expression orale. Depuis cinq ans, les participants fourmillent d\u2019id\u00e9es. Pour eux tout semble possible. Mon r\u00f4le est de les aider \u00e0 r\u00e9aliser ces id\u00e9es&nbsp;\u00bb, explique l\u2019enseignante Carole Robert.<\/p>\n\n\n\n<h2 class=\"wp-block-heading has-medium-font-size\">&nbsp;Le film diffus\u00e9 prochainement en ligne&nbsp;<\/h2>\n\n\n\n<p>Une projection aura lieu avant la fin de l\u2019ann\u00e9e scolaire avec les familles des \u00e9l\u00e8ves. Le film devrait \u00eatre prochainement visible en ligne. Un nouvel atelier aura lieu l\u2019an prochain. Au cours de la c\u00e9r\u00e9monie, le prix a \u00e9t\u00e9 remis par le g\u00e9n\u00e9ral Facon, gouverneur militaire de Marseille, en pr\u00e9sence de la sous-pr\u00e9f\u00e8te Dalila Zane, du d\u00e9put\u00e9 Jo\u00ebl Giraud, du proviseur du lyc\u00e9e Alexis Blanc, du principal du coll\u00e8ge Fr\u00e9d\u00e9ric Guyon, m\u00e9decin-chef du service de sant\u00e9 des arm\u00e9es de Gap, du colonel Chouvet, d\u2019enseignants participants au projet et d\u2019\u00e9lus.&nbsp;<\/p>\n\n\n\n<p>Le mar\u00e9chal des logis Erowa Kramo, bless\u00e9 au Mali, avait \u00e9galement \u00e9t\u00e9 invit\u00e9 \u00e0 rencontrer les jeunes.<\/p>\n\n\n\n<p><em>Article : <a href=\"https:\/\/c.ledauphine.com\/education\/2023\/06\/04\/des-eleves-recoivent-le-prix-du-gouverneur-militaire\">https:\/\/c.ledauphine.com\/education\/2023\/06\/04\/des-eleves-recoivent-le-prix-du-gouverneur-militaire<\/a><\/em><\/p>\n","protected":false},"excerpt":{"rendered":"<div class=\"mh-excerpt\"><p>Les \u00e9l\u00e8ves de l\u2019atelier M\u00e9moire et avenir du coll\u00e8ge Les Giraudes ont re\u00e7u le Prix du gouverneur militaire pour leur film sur la Premi\u00e8re Guerre <a class=\"mh-excerpt-more\" href=\"http:\/\/joelgirauddepute.fr\/index.php\/2023\/06\/01\/des-eleves-recoivent-le-prix-du-gouverneur-militaire-le-dauphine-libere\/\" title=\"Des \u00e9l\u00e8ves re\u00e7oivent le Prix du gouverneur militaire &#8211; Le Dauphin\u00e9 Lib\u00e9r\u00e9\">[&#8230;]<\/a><\/p>\n<\/div>","protected":false},"author":1,"featured_media":7431,"comment_status":"closed","ping_status":"closed","sticky":false,"template":"","format":"standard","meta":{"footnotes":""},"categories":[4],"tags":[],"class_list":["post-7430","post","type-post","status-publish","format-standard","has-post-thumbnail","hentry","category-circo"],"jetpack_featured_media_url":"http:\/\/joelgirauddepute.fr\/wp-content\/uploads\/2023\/06\/title-1685900293.jpg","jetpack_sharing_enabled":true,"jetpack_shortlink":"https:\/\/wp.me\/pabfdt-1VQ","_links":{"self":[{"href":"http:\/\/joelgirauddepute.fr\/index.php\/wp-json\/wp\/v2\/posts\/7430","targetHints":{"allow":["GET"]}}],"collection":[{"href":"http:\/\/joelgirauddepute.fr\/index.php\/wp-json\/wp\/v2\/posts"}],"about":[{"href":"http:\/\/joelgirauddepute.fr\/index.php\/wp-json\/wp\/v2\/types\/post"}],"author":[{"embeddable":true,"href":"http:\/\/joelgirauddepute.fr\/index.php\/wp-json\/wp\/v2\/users\/1"}],"replies":[{"embeddable":true,"href":"http:\/\/joelgirauddepute.fr\/index.php\/wp-json\/wp\/v2\/comments?post=7430"}],"version-history":[{"count":2,"href":"http:\/\/joelgirauddepute.fr\/index.php\/wp-json\/wp\/v2\/posts\/7430\/revisions"}],"predecessor-version":[{"id":7433,"href":"http:\/\/joelgirauddepute.fr\/index.php\/wp-json\/wp\/v2\/posts\/7430\/revisions\/7433"}],"wp:featuredmedia":[{"embeddable":true,"href":"http:\/\/joelgirauddepute.fr\/index.php\/wp-json\/wp\/v2\/media\/7431"}],"wp:attachment":[{"href":"http:\/\/joelgirauddepute.fr\/index.php\/wp-json\/wp\/v2\/media?parent=7430"}],"wp:term":[{"taxonomy":"category","embeddable":true,"href":"http:\/\/joelgirauddepute.fr\/index.php\/wp-json\/wp\/v2\/categories?post=7430"},{"taxonomy":"post_tag","embeddable":true,"href":"http:\/\/joelgirauddepute.fr\/index.php\/wp-json\/wp\/v2\/tags?post=7430"}],"curies":[{"name":"wp","href":"https:\/\/api.w.org\/{rel}","templated":true}]}}