{"id":7381,"date":"2023-05-12T13:19:33","date_gmt":"2023-05-12T11:19:33","guid":{"rendered":"http:\/\/joelgirauddepute.fr\/?p=7381"},"modified":"2023-05-30T17:57:53","modified_gmt":"2023-05-30T15:57:53","slug":"effectifs-de-police-la-creation-de-six-postes-annoncee-pour-la-rentree","status":"publish","type":"post","link":"http:\/\/joelgirauddepute.fr\/index.php\/2023\/05\/12\/effectifs-de-police-la-creation-de-six-postes-annoncee-pour-la-rentree\/","title":{"rendered":"Effectifs de police\u00a0: la cr\u00e9ation de six postes annonc\u00e9e pour la rentr\u00e9e &#8211; Le Dauphin\u00e9 Lib\u00e9r\u00e9"},"content":{"rendered":"\n<p>La pr\u00e9fecture des Hautes-Alpes a confirm\u00e9, jeudi 11&nbsp;mai, la cr\u00e9ation de six nouveaux postes au sein de la police nationale&nbsp;: quatre doivent \u00eatre affect\u00e9s \u00e0 Gap, deux \u00e0 Brian\u00e7on.<\/p>\n\n\n\n<p>C\u2019est le s\u00e9nateur des Hautes-Alpes qui, d\u00e8s mercredi 10&nbsp;mai au soir,&nbsp;<a href=\"https:\/\/www.ledauphine.com\/faits-divers-justice\/2023\/05\/10\/hautes-alpes-le-senateur-annonce-six-nouveaux-postes-de-policiers-nationaux\" target=\"_blank\" rel=\"noreferrer noopener\">a \u00e9t\u00e9 le premier \u00e0 afficher un satisfecit<\/a>. Dans un communiqu\u00e9 de presse, Jean-Michel Arnaud annon\u00e7ait \u201csix nouveaux postes de policiers nationaux\u201d&nbsp;: quatre \u00e0 Gap, deux \u00e0 Brian\u00e7on. Un renfort confirm\u00e9 jeudi 11&nbsp;mai par le pr\u00e9fet des Hautes-Alpes, Dominique Dufour, inscrit dans l\u2019ambition du minist\u00e8re de l\u2019Int\u00e9rieur de cr\u00e9er 8&nbsp;500 postes de policiers et de gendarmes durant le quinquennat. Et le repr\u00e9sentant de l\u2019\u00c9tat d\u2019indiquer que ces ouvertures de postes interviendront \u201c\u00e0 compter de septembre prochain\u201d.<\/p>\n\n\n\n<h2 class=\"wp-block-heading\">Le maire de Brian\u00e7on veut aider \u00e0 rendre les postes attractifs<\/h2>\n\n\n\n<p>\u201cCes effectifs permettront notamment de renforcer la pr\u00e9sence des policiers dans l\u2019espace public et lutter fermement contre la d\u00e9linquance\u201d, compl\u00e8te Dominique Dufour. Une volont\u00e9 appuy\u00e9e par Arnaud Murgia. Dans un communiqu\u00e9, le maire de Brian\u00e7on \u201cse f\u00e9licite\u201d des deux postes, rappelant&nbsp;<a href=\"https:\/\/www.ledauphine.com\/faits-divers-justice\/2021\/06\/04\/des-effectifs-de-police-supplementaires-a-briancon-quid-de-gap\" target=\"_blank\" rel=\"noreferrer noopener\">les cinq annonc\u00e9s entre&nbsp;2021 et&nbsp;2022<\/a>. L\u2019\u00e9lu brian\u00e7onnais se signale comme \u00ab&nbsp;\u00e0 disposition du pr\u00e9fet pour travailler \u00e0 toutes les solutions, notamment de logement&nbsp;\u00bb afin de rendre les postes \u00ab&nbsp;attractifs&nbsp;\u00bb. Sollicit\u00e9, le maire de Gap Roger Didier n\u2019\u00e9tait en revanche pas en mesure de r\u00e9agir dans l\u2019imm\u00e9diat.<\/p>\n\n\n\n<p>Sur les effectifs de force de l\u2019ordre, les deux \u00e9diles&nbsp;<a href=\"https:\/\/www.ledauphine.com\/politique\/2021\/07\/15\/arnaud-interpelle-schiappa-sur-les-effectifs-de-police\" target=\"_blank\" rel=\"noreferrer noopener\">comme le s\u00e9nateur<\/a>&nbsp;des Hautes-Alpes, ont d\u00e9j\u00e0 interrog\u00e9 le gouvernement. Derni\u00e8rement, le 20&nbsp;avril, Roger Didier&nbsp;<a href=\"https:\/\/www.ledauphine.com\/faits-divers-justice\/2023\/04\/20\/la-bac-quitte-le-commissariat-de-gap-le-maire-proteste\" target=\"_blank\" rel=\"noreferrer noopener\">s\u2019inqui\u00e9tait aupr\u00e8s de G\u00e9rald Darmanin<\/a>&nbsp;de la mise en sommeil de&nbsp;<a href=\"https:\/\/www.ledauphine.com\/faits-divers-justice\/2023\/04\/26\/plus-de-brigade-anti-criminalite-a-gap-ca-change-quoi\" target=\"_blank\" rel=\"noreferrer noopener\">la brigade anticriminalit\u00e9 de Gap<\/a>. Le 9&nbsp;mai, Arnaud Murgia, \u00e9crivait \u00e0 la Premi\u00e8re ministre \u00c9lisabeth Borne sur la gestion de la fronti\u00e8re franco-italienne \u00e0 Montgen\u00e8vre, appelant de ses v\u0153ux l\u2019accueil d\u2019une \u201c&nbsp;<em>border force<\/em>&nbsp;\u201d.<\/p>\n\n\n\n<p><\/p>\n\n\n\n<p><a href=\"https:\/\/c.ledauphine.com\/faits-divers-justice\/2023\/05\/11\/hautes-alpes-effectifs-de-police-la-creation-de-six-postes-annoncee-pour-la-rentree\" target=\"_blank\" rel=\"noreferrer noopener\">Article : Le Dauphin\u00e9 <\/a><\/p>\n","protected":false},"excerpt":{"rendered":"<div class=\"mh-excerpt\"><p>La pr\u00e9fecture des Hautes-Alpes a confirm\u00e9, jeudi 11&nbsp;mai, la cr\u00e9ation de six nouveaux postes au sein de la police nationale&nbsp;: quatre doivent \u00eatre affect\u00e9s \u00e0 <a class=\"mh-excerpt-more\" href=\"http:\/\/joelgirauddepute.fr\/index.php\/2023\/05\/12\/effectifs-de-police-la-creation-de-six-postes-annoncee-pour-la-rentree\/\" title=\"Effectifs de police\u00a0: la cr\u00e9ation de six postes annonc\u00e9e pour la rentr\u00e9e &#8211; Le Dauphin\u00e9 Lib\u00e9r\u00e9\">[&#8230;]<\/a><\/p>\n<\/div>","protected":false},"author":1,"featured_media":7382,"comment_status":"closed","ping_status":"closed","sticky":false,"template":"","format":"standard","meta":{"footnotes":""},"categories":[4],"tags":[],"class_list":["post-7381","post","type-post","status-publish","format-standard","has-post-thumbnail","hentry","category-circo"],"jetpack_featured_media_url":"http:\/\/joelgirauddepute.fr\/wp-content\/uploads\/2023\/05\/title-1683822050.jpg","jetpack_sharing_enabled":true,"jetpack_shortlink":"https:\/\/wp.me\/pabfdt-1V3","_links":{"self":[{"href":"http:\/\/joelgirauddepute.fr\/index.php\/wp-json\/wp\/v2\/posts\/7381","targetHints":{"allow":["GET"]}}],"collection":[{"href":"http:\/\/joelgirauddepute.fr\/index.php\/wp-json\/wp\/v2\/posts"}],"about":[{"href":"http:\/\/joelgirauddepute.fr\/index.php\/wp-json\/wp\/v2\/types\/post"}],"author":[{"embeddable":true,"href":"http:\/\/joelgirauddepute.fr\/index.php\/wp-json\/wp\/v2\/users\/1"}],"replies":[{"embeddable":true,"href":"http:\/\/joelgirauddepute.fr\/index.php\/wp-json\/wp\/v2\/comments?post=7381"}],"version-history":[{"count":2,"href":"http:\/\/joelgirauddepute.fr\/index.php\/wp-json\/wp\/v2\/posts\/7381\/revisions"}],"predecessor-version":[{"id":7406,"href":"http:\/\/joelgirauddepute.fr\/index.php\/wp-json\/wp\/v2\/posts\/7381\/revisions\/7406"}],"wp:featuredmedia":[{"embeddable":true,"href":"http:\/\/joelgirauddepute.fr\/index.php\/wp-json\/wp\/v2\/media\/7382"}],"wp:attachment":[{"href":"http:\/\/joelgirauddepute.fr\/index.php\/wp-json\/wp\/v2\/media?parent=7381"}],"wp:term":[{"taxonomy":"category","embeddable":true,"href":"http:\/\/joelgirauddepute.fr\/index.php\/wp-json\/wp\/v2\/categories?post=7381"},{"taxonomy":"post_tag","embeddable":true,"href":"http:\/\/joelgirauddepute.fr\/index.php\/wp-json\/wp\/v2\/tags?post=7381"}],"curies":[{"name":"wp","href":"https:\/\/api.w.org\/{rel}","templated":true}]}}