{"id":724,"date":"2017-10-26T16:48:10","date_gmt":"2017-10-26T14:48:10","guid":{"rendered":"http:\/\/joelgirauddepute.fr\/?p=724"},"modified":"2017-10-26T16:50:53","modified_gmt":"2017-10-26T14:50:53","slug":"travail-saisonnier-la-ministre-du-travail-confirme-a-joel-giraud-un-renforcement-du-droit-des-salaries","status":"publish","type":"post","link":"http:\/\/joelgirauddepute.fr\/index.php\/2017\/10\/26\/travail-saisonnier-la-ministre-du-travail-confirme-a-joel-giraud-un-renforcement-du-droit-des-salaries\/","title":{"rendered":"Travail Saisonnier : La ministre du travail confirme \u00e0 Jo\u00ebl Giraud un renforcement du droit des salari\u00e9s"},"content":{"rendered":"<p><strong>D\u00e9but octobre, Jo\u00ebl Giraud adressait un courrier \u00e0 la Ministre du Travail, Muriel P\u00e9nicaud pour lui demander de programmer dans les meilleurs d\u00e9lais le vote de l\u2019ordonnance \u00ab\u00a0travailleurs saisonniers\u00a0\u00bb qui vient compl\u00e9ter les dispositions de la loi travail en mati\u00e8re de reconduction et de d\u00e9termination de l\u2019anciennet\u00e9 des salari\u00e9s sous contrats saisonniers. \u00bb<\/strong>. Publi\u00e9e au Journal Officiel du 28 avril 2017 ce projet de loi de ratification devait \u00eatre d\u00e9pos\u00e9 devant le Parlement avant la fin du mois d\u2019octobre en vertu de l\u2019article 86 de la Loi Travail.<\/p>\n<p><strong>La ministre vient de faire savoir au d\u00e9put\u00e9 des Hautes-Alpes que le texte examin\u00e9 ce mercredi en Conseil des ministres venait d\u2019\u00eatre d\u00e9pos\u00e9 \u00e0 l\u2019Assembl\u00e9e Nationale.<\/strong> Il s\u2019agit donc du Projet de Loi ratifiant et modifiant l\u2019ordonnance n\u00b0 2017-647 du 27 avril 2017 relative \u00e0 la prise en compte de l&rsquo;anciennet\u00e9 dans les contrats de travail \u00e0 caract\u00e8re saisonnier et \u00e0 leur reconduction.<\/p>\n<p>Cette nouvelle mesure, promise dans le cadre de la loi montagne, permettra de s\u00e9curiser la situation des travailleurs saisonniers dans les branches dans lesquelles l\u2019emploi saisonnier est particuli\u00e8rement d\u00e9velopp\u00e9, si celles-ci n\u2019ont pas n\u00e9goci\u00e9 de mesures prenant en compte l\u2019anciennet\u00e9 des salari\u00e9s et d\u00e9finissant des modalit\u00e9s de reconduction des contrats d\u2019une saison \u00e0 l\u2019autre.<\/p>\n<p>Le texte pr\u00e9cise \u00e9galement les modalit\u00e9s de reconduction du contrat saisonnier. 17 branches, dont notamment l\u2019h\u00f4tellerie de plein air, les h\u00f4tels, caf\u00e9s et restaurants, le tourisme social et familial et les espaces des loisirs, d\u2019attractions et culturels, b\u00e9n\u00e9ficieront de ces dispositions.<\/p>\n<p>Plusieurs milliers d\u2019emplois sont ainsi concern\u00e9s par ces dispositions,\u00a0 qui permettront de renforcer les droits des salari\u00e9s sous contrat saisonnier.<\/p>\n<p>En favorisant la reconduction des emplois d\u2019une ann\u00e9e sur l\u2019autre sans rigidifier les relations du travail, ces mesures contribuent au d\u00e9veloppement des comp\u00e9tences des salari\u00e9s et participent \u00e0 l\u2019am\u00e9lioration de la qualit\u00e9 du travail. En s\u00e9curisant l\u2019emploi des salari\u00e9s saisonniers, ces mesures facilitent leur insertion dans la vie sociale et locale, profitant \u00e9galement \u00e0 un certain nombre de territoires ruraux, notamment en montagne, du fait notamment de leur s\u00e9dentarisation.<\/p>\n<p><strong>Jo\u00ebl Giraud se f\u00e9licite de cette avanc\u00e9e dont il pourra se r\u00e9jouir avec ses coll\u00e8gues du Conseil National de la Montagne \u00e0 l\u2019occasion de la prochaine r\u00e9union de la Commission permanente qu\u2019il pr\u00e9sidera le 23 novembre prochain. Un beau cadeau pour la montagne \u00e0 la veille de l\u2019hommage qui sera rendu au p\u00e8re fondateur de la Loi Montagne, Robert De Caumont.<\/strong><\/p>\n<p>&nbsp;<\/p>\n","protected":false},"excerpt":{"rendered":"<div class=\"mh-excerpt\"><p>D\u00e9but octobre, Jo\u00ebl Giraud adressait un courrier \u00e0 la Ministre du Travail, Muriel P\u00e9nicaud pour lui demander de programmer dans les meilleurs d\u00e9lais le vote <a class=\"mh-excerpt-more\" href=\"http:\/\/joelgirauddepute.fr\/index.php\/2017\/10\/26\/travail-saisonnier-la-ministre-du-travail-confirme-a-joel-giraud-un-renforcement-du-droit-des-salaries\/\" title=\"Travail Saisonnier : La ministre du travail confirme \u00e0 Jo\u00ebl Giraud un renforcement du droit des salari\u00e9s\">[&#8230;]<\/a><\/p>\n<\/div>","protected":false},"author":1,"featured_media":725,"comment_status":"open","ping_status":"open","sticky":false,"template":"","format":"standard","meta":{"footnotes":""},"categories":[4,12,6,24,25,31],"tags":[],"class_list":["post-724","post","type-post","status-publish","format-standard","has-post-thumbnail","hentry","category-circo","category-collectivites-locales","category-communiques","category-montagne","category-travail","category-travaux-legislatifs"],"jetpack_featured_media_url":"http:\/\/joelgirauddepute.fr\/wp-content\/uploads\/2017\/10\/images.jpg","jetpack_sharing_enabled":true,"jetpack_shortlink":"https:\/\/wp.me\/pabfdt-bG","_links":{"self":[{"href":"http:\/\/joelgirauddepute.fr\/index.php\/wp-json\/wp\/v2\/posts\/724","targetHints":{"allow":["GET"]}}],"collection":[{"href":"http:\/\/joelgirauddepute.fr\/index.php\/wp-json\/wp\/v2\/posts"}],"about":[{"href":"http:\/\/joelgirauddepute.fr\/index.php\/wp-json\/wp\/v2\/types\/post"}],"author":[{"embeddable":true,"href":"http:\/\/joelgirauddepute.fr\/index.php\/wp-json\/wp\/v2\/users\/1"}],"replies":[{"embeddable":true,"href":"http:\/\/joelgirauddepute.fr\/index.php\/wp-json\/wp\/v2\/comments?post=724"}],"version-history":[{"count":2,"href":"http:\/\/joelgirauddepute.fr\/index.php\/wp-json\/wp\/v2\/posts\/724\/revisions"}],"predecessor-version":[{"id":727,"href":"http:\/\/joelgirauddepute.fr\/index.php\/wp-json\/wp\/v2\/posts\/724\/revisions\/727"}],"wp:featuredmedia":[{"embeddable":true,"href":"http:\/\/joelgirauddepute.fr\/index.php\/wp-json\/wp\/v2\/media\/725"}],"wp:attachment":[{"href":"http:\/\/joelgirauddepute.fr\/index.php\/wp-json\/wp\/v2\/media?parent=724"}],"wp:term":[{"taxonomy":"category","embeddable":true,"href":"http:\/\/joelgirauddepute.fr\/index.php\/wp-json\/wp\/v2\/categories?post=724"},{"taxonomy":"post_tag","embeddable":true,"href":"http:\/\/joelgirauddepute.fr\/index.php\/wp-json\/wp\/v2\/tags?post=724"}],"curies":[{"name":"wp","href":"https:\/\/api.w.org\/{rel}","templated":true}]}}