{"id":686,"date":"2017-10-13T10:15:11","date_gmt":"2017-10-13T08:15:11","guid":{"rendered":"http:\/\/joelgirauddepute.fr\/?p=686"},"modified":"2017-10-13T17:45:06","modified_gmt":"2017-10-13T15:45:06","slug":"lu-sur-le-dite-de-la-radio-alpes-1-hautes-alpes-j-giraud-souhaite-relancer-le-debat-sur-leuthanasie-et-la-fin-de-vie-dans-la-dignite","status":"publish","type":"post","link":"http:\/\/joelgirauddepute.fr\/index.php\/2017\/10\/13\/lu-sur-le-dite-de-la-radio-alpes-1-hautes-alpes-j-giraud-souhaite-relancer-le-debat-sur-leuthanasie-et-la-fin-de-vie-dans-la-dignite\/","title":{"rendered":"Lu sur le site de la Radio Alpes 1 : Hautes-Alpes : J.Giraud souhaite relancer le d\u00e9bat sur l&rsquo;euthanasie et la fin de vie dans la dignit\u00e9"},"content":{"rendered":"<div id=\"div-gpt-ad-1430920558088-6\" data-google-query-id=\"CNqg14j47dYCFcqjUQodrMkL4g\"><\/div>\n<section id=\"container\" class=\"boxed active content\">\n<div class=\"wrapper\">\n<div class=\"content-main with-sidebar left\">\n<div class=\"strict-block\">\n<div class=\"post-62995 post type-post status-publish format-standard has-post-thumbnail hentry main-article\">\n<div class=\"article-header\">\n<div class=\"article-meta\">\n<div class=\"meta-tools\"><strong>SANT\u00c9 \/ Le 27 septembre, le d\u00e9put\u00e9 Jean-Louis Touraine a d\u00e9pos\u00e9 \u00e0 l\u2019Assembl\u00e9e nationale une loi sur la fin de vie qui s\u2019ouvre \u00e0 l\u2019euthanasie et au suicide m\u00e9dicalement assist\u00e9. Une proposition de loi que vient de co-sign\u00e9 Jo\u00ebl Giraud.<\/strong><\/div>\n<\/div>\n<\/div>\n<div class=\"main-article\">\n<p>Parmi les regrets que porte, le d\u00e9put\u00e9 (<strong>LREM<\/strong>) des <strong>Hautes-Alpes<\/strong>, <strong>Jo\u00ebl Giraud<\/strong>, sur le quinquennat de Fran\u00e7ois Hollande, il y a le sujet de la fin de vie\u00a0: \u00ab\u00a0<em>\u00e9tant clairement favorable au droit pour un patient qui se sait condamn\u00e9, de d\u00e9cider en pleine conscience d\u2019arr\u00eater de souffrir.<\/em>\u00a0\u00bb Moins de deux ans apr\u00e8s l\u2019adoption \u00e0 une large majorit\u00e9 de la <strong>loi Claeys-Leonetti<\/strong> instaurant un droit \u00e0 la s\u00e9dation profonde et continue pour les malades en phase terminale, une proposition de loi sur \u00ab\u00a0la fin de vie dans la dignit\u00e9\u00a0\u00bb pourrait \u00eatre d\u00e9battue d\u2019ici \u00e0 la fin du quinquennat, \u00e0 l\u2019initiative du d\u00e9put\u00e9 LREM (ex-PS) Jean-Louis Touraine.<\/p>\n<blockquote><p>\u00ab<em>\u00a0\u00c0 travers ce nouveau texte, il s\u2019agit de poser un cadre et d\u2019ouvrir de nouveaux droits afin que chaque individu puisse faire un choix libre et \u00e9clair\u00e9 au regard de ses convictions. Il s\u2019agit aussi, de mettre fin \u00e0 une hypocrisie, c\u2019est-\u00e0-dire l\u2019assistance active \u00e0 mourir de la part d\u2019un m\u00e9decin.\u00a0<\/em>\u00bb J.Giraud<\/p><\/blockquote>\n<p><strong>La fin de vie en France et la loi Claeys-Leonetti en question<\/strong><\/p>\n<p>L&rsquo;euthanasie en tant que telle est clairement interdite en France et qualifi\u00e9e \u00ab\u00a0<em>d\u2019assassinat<\/em>\u00a0\u00bb ou \u00ab\u00a0<em>d\u2019empoisonnement pr\u00e9m\u00e9dit\u00e9<\/em>\u00a0\u00bb punissable de 30 ann\u00e9es de r\u00e9clusion criminelle \u00e0 perp\u00e9tuit\u00e9 et pour les suicides assist\u00e9s, on parle de \u00ab\u00a0<em>non-assistance \u00e0 personne en danger<\/em>.\u00a0\u00bb<\/p>\n<p>Quant \u00e0 la loi Claeys-Leonetti, elle \u00a0a \u00e9largi les possibilit\u00e9s de cessation de l\u2019acharnement th\u00e9rapeutique en 2016. La \u00ab\u00a0s\u00e9dation profonde et continue\u00a0\u00bb est d\u00e9sormais autoris\u00e9e jusqu\u2019au d\u00e9c\u00e8s. Cela recouvre l\u2019administration de substances antidouleurs qui vont servir \u00e0 endormir le patient en diminuant, voire, en supprimant les souffrances. C\u2019est une sorte d\u2019euthanasie passive avec un arr\u00eat des soins actifs. Il n&rsquo;y a en revanche pas d\u2019injection de produits provoquant imm\u00e9diatement la mort.<\/p>\n<p><strong><em>\u00ab\u00a0La loi Claeys-Leonetti ne va pas assez loin\u00a0\u00bb<\/em><\/strong><\/p>\n<p>Jo\u00ebl Giraud rappelle dans sa tribune que\u00a0de nombreux pays \u00ab\u00a0<em>tels que la Belgique, les Pays-Bas, le Luxembourg ou le Qu\u00e9bec ont d\u00e9j\u00e0 l\u00e9gif\u00e9r\u00e9 depuis plus de dix ans\u00a0(\u2026) sans remise en cause et t\u00e9moignant ainsi qu\u2019ils r\u00e9pondent \u00e0 une demande de la population.<\/em>\u00a0\u00bb<\/p>\n<p>Dans la proposition, que co-signe le d\u00e9put\u00e9 des Hautes-Alpes, celle-ci vise \u00e0 ins\u00e9rer un article au Code de la sant\u00e9 publique afin d\u2019instaurer un dispositif strict qui garantit le respect du choix du patient et impose aux m\u00e9decins des proc\u00e9dures rigoureuses. \u00ab\u00a0<em>Cette aide m\u00e9dicalis\u00e9e active doit aussi \u00eatre strictement et pr\u00e9cis\u00e9ment encadr\u00e9e, et la demande doit \u00eatre instruite par un coll\u00e8ge de trois m\u00e9decins afin d\u2019en appr\u00e9cier le caract\u00e8re libre, \u00e9clair\u00e9, r\u00e9fl\u00e9chi et explicite<\/em>\u00a0\u00bb, pr\u00e9cise l\u2019\u00e9lu.<\/p>\n<p>Une fois la proc\u00e9dure pass\u00e9e et apr\u00e8s un d\u00e9lai de quatre jours pour confirmer la volont\u00e9 du patient, la proposition de loi pr\u00e9cise que \u00ab\u00a0<em>l\u2019assistance m\u00e9dicalis\u00e9e active \u00e0 mourir doit pouvoir \u00eatre r\u00e9alis\u00e9e soit par le patient lui-m\u00eame et en pr\u00e9sence du m\u00e9decin, soit par le m\u00e9decin.<\/em>\u00a0\u00bb<\/p>\n<p>Notez qu\u2019\u00e0 cette heure la proposition a \u00e9t\u00e9 renvoy\u00e9e \u00e0 la commission des affaires sociales pour d\u00e9bat.<\/p>\n<\/div>\n<\/div>\n<\/div>\n<\/div>\n<\/div>\n<\/section>\n","protected":false},"excerpt":{"rendered":"<div class=\"mh-excerpt\"><p>SANT\u00c9 \/ Le 27 septembre, le d\u00e9put\u00e9 Jean-Louis Touraine a d\u00e9pos\u00e9 \u00e0 l\u2019Assembl\u00e9e nationale une loi sur la fin de vie qui s\u2019ouvre \u00e0 l\u2019euthanasie <a class=\"mh-excerpt-more\" href=\"http:\/\/joelgirauddepute.fr\/index.php\/2017\/10\/13\/lu-sur-le-dite-de-la-radio-alpes-1-hautes-alpes-j-giraud-souhaite-relancer-le-debat-sur-leuthanasie-et-la-fin-de-vie-dans-la-dignite\/\" title=\"Lu sur le site de la Radio Alpes 1 : Hautes-Alpes : J.Giraud souhaite relancer le d\u00e9bat sur l&rsquo;euthanasie et la fin de vie dans la dignit\u00e9\">[&#8230;]<\/a><\/p>\n<\/div>","protected":false},"author":1,"featured_media":687,"comment_status":"open","ping_status":"open","sticky":false,"template":"","format":"standard","meta":{"footnotes":""},"categories":[22,32,31],"tags":[],"class_list":["post-686","post","type-post","status-publish","format-standard","has-post-thumbnail","hentry","category-revue-de-presse","category-societe","category-travaux-legislatifs"],"jetpack_featured_media_url":"http:\/\/joelgirauddepute.fr\/wp-content\/uploads\/2017\/10\/870x489_hautes-alpes-j1.jpg","jetpack_sharing_enabled":true,"jetpack_shortlink":"https:\/\/wp.me\/pabfdt-b4","_links":{"self":[{"href":"http:\/\/joelgirauddepute.fr\/index.php\/wp-json\/wp\/v2\/posts\/686","targetHints":{"allow":["GET"]}}],"collection":[{"href":"http:\/\/joelgirauddepute.fr\/index.php\/wp-json\/wp\/v2\/posts"}],"about":[{"href":"http:\/\/joelgirauddepute.fr\/index.php\/wp-json\/wp\/v2\/types\/post"}],"author":[{"embeddable":true,"href":"http:\/\/joelgirauddepute.fr\/index.php\/wp-json\/wp\/v2\/users\/1"}],"replies":[{"embeddable":true,"href":"http:\/\/joelgirauddepute.fr\/index.php\/wp-json\/wp\/v2\/comments?post=686"}],"version-history":[{"count":2,"href":"http:\/\/joelgirauddepute.fr\/index.php\/wp-json\/wp\/v2\/posts\/686\/revisions"}],"predecessor-version":[{"id":689,"href":"http:\/\/joelgirauddepute.fr\/index.php\/wp-json\/wp\/v2\/posts\/686\/revisions\/689"}],"wp:featuredmedia":[{"embeddable":true,"href":"http:\/\/joelgirauddepute.fr\/index.php\/wp-json\/wp\/v2\/media\/687"}],"wp:attachment":[{"href":"http:\/\/joelgirauddepute.fr\/index.php\/wp-json\/wp\/v2\/media?parent=686"}],"wp:term":[{"taxonomy":"category","embeddable":true,"href":"http:\/\/joelgirauddepute.fr\/index.php\/wp-json\/wp\/v2\/categories?post=686"},{"taxonomy":"post_tag","embeddable":true,"href":"http:\/\/joelgirauddepute.fr\/index.php\/wp-json\/wp\/v2\/tags?post=686"}],"curies":[{"name":"wp","href":"https:\/\/api.w.org\/{rel}","templated":true}]}}