{"id":6750,"date":"2022-10-19T20:41:06","date_gmt":"2022-10-19T18:41:06","guid":{"rendered":"http:\/\/joelgirauddepute.fr\/?p=6750"},"modified":"2022-10-19T20:41:07","modified_gmt":"2022-10-19T18:41:07","slug":"elisabeth-borne-nous-devons-donner-un-budget-a-la-france","status":"publish","type":"post","link":"http:\/\/joelgirauddepute.fr\/index.php\/2022\/10\/19\/elisabeth-borne-nous-devons-donner-un-budget-a-la-france\/","title":{"rendered":"Elisabeth Borne : \u00ab Nous devons donner un budget \u00e0 la France \u00bb"},"content":{"rendered":"\n<p><strong>Ce mercredi 19 octobre, la Premi\u00e8re ministre Elisabeth Borne a engag\u00e9 la responsabilit\u00e9 du gouvernement devant l\u2019Assembl\u00e9e nationale, sur le fondement de l\u2019article 49 alin\u00e9a 3 de la constitution, afin d\u2019assurer le vote de la premi\u00e8re partie du projet de loi de finances (PLF) pour 2023 face au blocage des oppositions.<\/strong><\/p>\n\n\n\n<p>Le gouvernement et la majorit\u00e9 pr\u00e9sidentielle ont depuis le d\u00e9but de l\u2019\u00e9t\u00e9 affirm\u00e9 leur volont\u00e9 de faire une politique du consensus lors de ce nouveau quinquennat. Celle-ci s\u2019est traduite notamment par l\u2019adoption des textes visant \u00e0 prot\u00e9ger le pouvoir d\u2019achat des fran\u00e7ais, preuve de la possibilit\u00e9 de trouver des compromis lorsque l\u2019int\u00e9r\u00eat g\u00e9n\u00e9ral commande.<\/p>\n\n\n\n<p>Pourtant, <strong>les oppositions ont trahi cette logique r\u00e9publicaine en adoptant une posture de blocage<\/strong> \u00e0 l\u2019occasion des d\u00e9bats sur le projet de loi de finances (PLF) pour 2023. Le gouvernement avait tenu \u00e0 examiner loyalement toutes les propositions, d\u2019o\u00f9 qu\u2019elles viennent. D\u2019ailleurs, les d\u00e9bats \u00e9taient, \u00e0 ce stade de la discussion, bien plus longs qu\u2019\u00e0 pareille \u00e9poque l\u2019an dernier. Malgr\u00e9 tout, un constat s\u2019impose&nbsp;: <strong>les d\u00e9lais constitutionnels ne peuvent \u00eatre tenus en l\u2019\u00e9tat actuel des choses<\/strong>. Qui plus est, les oppositions se sont montr\u00e9es irresponsables en excluant toute \u00e9ventualit\u00e9 de voter le budget, apr\u00e8s avoir rejet\u00e9 certains articles et introduit certaines dispositions de mani\u00e8re \u00e0 faire perdre toute coh\u00e9rence au texte.<\/p>\n\n\n\n<p>Or, ce texte doit traduire les engagements du Pr\u00e9sident de la R\u00e9publique aupr\u00e8s des fran\u00e7ais qui l\u2019ont r\u00e9\u00e9lu en avril dernier, mais aussi ceux de la France au sein de l\u2019Union europ\u00e9enne. Il s\u2019agit de principes simples et responsables&nbsp;: aucune hausse d\u2019imp\u00f4t ni de hausse excessive du d\u00e9ficit public. Plus largement, le PLF d\u00e9termine l\u2019ensemble des recettes et des d\u00e9penses de l\u2019Etat et de ses administrations pour l\u2019ann\u00e9e \u00e0 venir. En somme, on ne peut pas s\u2019en passer.<\/p>\n\n\n\n<p>C\u2019est pourquoi, en responsabilit\u00e9, le gouvernement a d\u00e9cid\u00e9 d\u2019engager sa responsabilit\u00e9 sur la premi\u00e8re partie (qui traite des recettes) du budget pour 2023 afin de permettre son adoption dans les temps.<\/p>\n\n\n\n<p><strong>Cela ne signifie en aucun cas la fin du d\u00e9bat sur le budget<\/strong>. Le texte inclut d\u2019ailleurs pr\u00e8s de 100 amendements adopt\u00e9s par les d\u00e9put\u00e9s, y compris certains provenant des oppositions.<\/p>\n\n\n\n<p>Parmi les mesures retenues : <strong>l\u2019augmentation de 320 millions d\u2019euros de la dotation globale de fonctionnement des communes relevant de la solidarit\u00e9 urbaine et rurale<\/strong>, l\u2019indexation du plafond de la d\u00e9duction pour \u00e9pargne de pr\u00e9caution (DEP) au b\u00e9n\u00e9fice de nos agriculteurs, la hausse du plafond du cr\u00e9dit d\u2019imp\u00f4t pour la garde d\u2019enfants ou la traduction de l\u2019accord europ\u00e9en sur les surprofits. A \u00e9galement \u00e9t\u00e9 conserv\u00e9e <strong>l\u2019extension du p\u00e9rim\u00e8tre des \u00ab&nbsp;zones tendues&nbsp;\u00bb faisant face \u00e0 des difficult\u00e9s d\u2019acc\u00e8s au logement, un amendement cosign\u00e9 par Jo\u00ebl Giraud<\/strong>. Limit\u00e9es jusqu\u2019alors aux agglom\u00e9rations de plus de 50 000 habitants, elles seront \u00e9tendues \u00e0 toutes les communes o\u00f9 les prix de l\u2019immobilier et la proportion de r\u00e9sidences secondaires sont \u00e9lev\u00e9s, ce qui est le cas de nombreuses communes des Hautes-Alpes. Elles pourront ainsi faire usage de deux dispositifs fiscaux que sont la taxe sur les logements vacants (TLV) et la majoration de la taxe d\u2019habitation sur les r\u00e9sidences secondaires (THRS) pour abaisser la tension immobili\u00e8re.<\/p>\n\n\n\n<p>Les d\u00e9bats se poursuivront d\u00e8s demain en commission des finances sur la seconde partie du projet de loi de finances.<\/p>\n\n\n\n<p><strong>Jo\u00ebl Giraud approuve l\u2019usage du 49.3 par la Premi\u00e8re ministre, un outil constitutionnel n\u00e9cessaire qui permet de continuer \u00e0 agir au service des fran\u00e7ais<\/strong>, de donner un budget au pays, et d\u2019\u00e9viter la situation de blocage dans laquelle les oppositions risquaient de faire plonger la France. Il donnera lieu \u00e0 un d\u00e9bat dans l\u2019h\u00e9micycle de l\u2019Assembl\u00e9e nationale sur des \u00e9ventuelles motions de censure dans les prochains jours.<\/p>\n","protected":false},"excerpt":{"rendered":"<div class=\"mh-excerpt\"><p>Ce mercredi 19 octobre, la Premi\u00e8re ministre Elisabeth Borne a engag\u00e9 la responsabilit\u00e9 du gouvernement devant l\u2019Assembl\u00e9e nationale, sur le fondement de l\u2019article 49 alin\u00e9a <a class=\"mh-excerpt-more\" href=\"http:\/\/joelgirauddepute.fr\/index.php\/2022\/10\/19\/elisabeth-borne-nous-devons-donner-un-budget-a-la-france\/\" title=\"Elisabeth Borne : \u00ab Nous devons donner un budget \u00e0 la France \u00bb\">[&#8230;]<\/a><\/p>\n<\/div>","protected":false},"author":1,"featured_media":6755,"comment_status":"closed","ping_status":"closed","sticky":false,"template":"","format":"standard","meta":{"footnotes":""},"categories":[1],"tags":[],"class_list":["post-6750","post","type-post","status-publish","format-standard","has-post-thumbnail","hentry","category-non-classe"],"jetpack_featured_media_url":"http:\/\/joelgirauddepute.fr\/wp-content\/uploads\/2022\/10\/Elisabeth-Borne-49.3.jpg","jetpack_sharing_enabled":true,"jetpack_shortlink":"https:\/\/wp.me\/pabfdt-1KS","_links":{"self":[{"href":"http:\/\/joelgirauddepute.fr\/index.php\/wp-json\/wp\/v2\/posts\/6750","targetHints":{"allow":["GET"]}}],"collection":[{"href":"http:\/\/joelgirauddepute.fr\/index.php\/wp-json\/wp\/v2\/posts"}],"about":[{"href":"http:\/\/joelgirauddepute.fr\/index.php\/wp-json\/wp\/v2\/types\/post"}],"author":[{"embeddable":true,"href":"http:\/\/joelgirauddepute.fr\/index.php\/wp-json\/wp\/v2\/users\/1"}],"replies":[{"embeddable":true,"href":"http:\/\/joelgirauddepute.fr\/index.php\/wp-json\/wp\/v2\/comments?post=6750"}],"version-history":[{"count":1,"href":"http:\/\/joelgirauddepute.fr\/index.php\/wp-json\/wp\/v2\/posts\/6750\/revisions"}],"predecessor-version":[{"id":6752,"href":"http:\/\/joelgirauddepute.fr\/index.php\/wp-json\/wp\/v2\/posts\/6750\/revisions\/6752"}],"wp:featuredmedia":[{"embeddable":true,"href":"http:\/\/joelgirauddepute.fr\/index.php\/wp-json\/wp\/v2\/media\/6755"}],"wp:attachment":[{"href":"http:\/\/joelgirauddepute.fr\/index.php\/wp-json\/wp\/v2\/media?parent=6750"}],"wp:term":[{"taxonomy":"category","embeddable":true,"href":"http:\/\/joelgirauddepute.fr\/index.php\/wp-json\/wp\/v2\/categories?post=6750"},{"taxonomy":"post_tag","embeddable":true,"href":"http:\/\/joelgirauddepute.fr\/index.php\/wp-json\/wp\/v2\/tags?post=6750"}],"curies":[{"name":"wp","href":"https:\/\/api.w.org\/{rel}","templated":true}]}}