{"id":6740,"date":"2022-10-14T09:48:53","date_gmt":"2022-10-14T07:48:53","guid":{"rendered":"http:\/\/joelgirauddepute.fr\/?p=6740"},"modified":"2022-10-14T09:48:55","modified_gmt":"2022-10-14T07:48:55","slug":"forte-emotion-au-moment-de-recevoir-le-president-zelensky-a-lassemblee-parlementaire-du-conseil-de-leurope","status":"publish","type":"post","link":"http:\/\/joelgirauddepute.fr\/index.php\/2022\/10\/14\/forte-emotion-au-moment-de-recevoir-le-president-zelensky-a-lassemblee-parlementaire-du-conseil-de-leurope\/","title":{"rendered":"Forte \u00e9motion au moment de recevoir le pr\u00e9sident Zelensky \u00e0 l\u2019Assembl\u00e9e parlementaire du Conseil de l\u2019Europe"},"content":{"rendered":"\n<p>Jo\u00ebl Giraud a assist\u00e9 en tant que parlementaire du Conseil de l\u2019Europe \u00e0 une intervention de Volodymyr Zelensky. Le pr\u00e9sident ukrainien a notamment pu d\u00e9clarer que \u00ab\u00a0<em>Jamais dans l&rsquo;histoire, l&rsquo;Europe unie n&rsquo;a \u00e9t\u00e9 aussi forte qu&rsquo;aujourd&rsquo;hui<\/em>\u00ab\u00a0.<\/p>\n\n\n\n<p>\u00ab Aujourd&rsquo;hui, nous voyons sur le plan historique les r\u00e9sultats importants du dialogue en Europe, entre Europ\u00e9ens. Nous voyons des actions qui ont rendu l&rsquo;Europe plus forte que jamais. Jamais encore dans l&rsquo;histoire, l&rsquo;Europe unie n&rsquo;a \u00e9t\u00e9 aussi forte qu&rsquo;aujourd&rsquo;hui. Alors, concentrez-vous sur tout ce qui est n\u00e9cessaire pour emp\u00eacher les terroristes russes de d\u00e9truire nos vies. C&rsquo;est cela le pouvoir du dialogue \u00bb, a d\u00e9clar\u00e9 ce matin le Pr\u00e9sident ukrainien Volodymyr Zelenskyy aux membres de l&rsquo;Assembl\u00e9e dans son discours, lors de la session pl\u00e9ni\u00e8re d&rsquo;automne de l&rsquo;APCE.<\/p>\n\n\n\n<p>\u00ab Ensemble, nous isolons la Russie. Ensemble, nous la punissons pour la terreur qu\u2019elle nous inflige et lui faisons sentir le prix de la guerre qu&rsquo;elle a d\u00e9clench\u00e9e. Gr\u00e2ce \u00e0 notre dialogue, nous avons des programmes de soutien tr\u00e8s importants pour l&rsquo;Ukraine. Des programmes de d\u00e9fense, un soutien financier, des programmes de soutien aux Ukrainiens, ceux qui ont d\u00fb fuir leur patrie pour \u00e9chapper aux hostilit\u00e9s&#8230; \u00bb, a-t-il ajout\u00e9.<\/p>\n\n\n\n<p>Ce dialogue doit se poursuivre, a soulign\u00e9 M. Zelenskyy, \u00ab pour rendre la Russie responsable, en tant qu&rsquo;\u00c9tat agresseur, et chaque meurtrier et boucher russe, de tous les crimes de cette guerre, de chaque manifestation de leur terreur. Lorsque des m\u00e9canismes juridiques seront cr\u00e9\u00e9s, lorsqu&rsquo;ils commenceront \u00e0 fonctionner, cela deviendra l&rsquo;une des garanties les plus puissantes pour une paix \u00e0 long terme \u00bb. L&rsquo;Europe peut jouer \u00ab un r\u00f4le historique en cr\u00e9ant un tribunal sp\u00e9cial pour l&rsquo;agression de la Russie contre l&rsquo;Ukraine. Faisons-le. Ce sera le meilleur moyen de prot\u00e9ger les principes du droit international \u00bb, a-t-il d\u00e9clar\u00e9.<\/p>\n\n\n\n<p>Remerciant le Pr\u00e9sident ukrainien pour son intervention devant l&rsquo;Assembl\u00e9e, le Pr\u00e9sident de l&rsquo;APCE, Tiny Kox, a d\u00e9clar\u00e9 : \u00ab Les applaudissements que vous venez de recevoir montrent \u00e0 quel point nous appr\u00e9cions votre courage, votre d\u00e9termination, mais aussi vos paroles sages et la sagesse que vous avez partag\u00e9e avec nous sur la mani\u00e8re de mettre fin \u00e0 cette guerre le plus rapidement possible et de r\u00e9tablir la justice, la souverainet\u00e9 nationale et l&rsquo;int\u00e9grit\u00e9 territoriale de votre pays \u00bb.<\/p>\n\n\n\n<p>\u00ab Nous consid\u00e9rons tous l&rsquo;agression unilat\u00e9rale de la Russie comme une attaque contre la coop\u00e9ration multilat\u00e9rale qui est cens\u00e9e prot\u00e9ger tous nos citoyens en Europe. C&rsquo;est pourquoi nous essayons de faire tout ce qui est inclus dans notre mandat pour soutenir votre pays et vos citoyens en ces moments terriblement difficiles et dangereux \u00bb, a ajout\u00e9 M. Kox<\/p>\n","protected":false},"excerpt":{"rendered":"<div class=\"mh-excerpt\"><p>Jo\u00ebl Giraud a assist\u00e9 en tant que parlementaire du Conseil de l\u2019Europe \u00e0 une intervention de Volodymyr Zelensky. Le pr\u00e9sident ukrainien a notamment pu d\u00e9clarer <a class=\"mh-excerpt-more\" href=\"http:\/\/joelgirauddepute.fr\/index.php\/2022\/10\/14\/forte-emotion-au-moment-de-recevoir-le-president-zelensky-a-lassemblee-parlementaire-du-conseil-de-leurope\/\" title=\"Forte \u00e9motion au moment de recevoir le pr\u00e9sident Zelensky \u00e0 l\u2019Assembl\u00e9e parlementaire du Conseil de l\u2019Europe\">[&#8230;]<\/a><\/p>\n<\/div>","protected":false},"author":1,"featured_media":6741,"comment_status":"closed","ping_status":"closed","sticky":false,"template":"","format":"standard","meta":{"footnotes":""},"categories":[33,44],"tags":[],"class_list":["post-6740","post","type-post","status-publish","format-standard","has-post-thumbnail","hentry","category-europe","category-international"],"jetpack_featured_media_url":"http:\/\/joelgirauddepute.fr\/wp-content\/uploads\/2022\/10\/Zelensky-APCE.png","jetpack_sharing_enabled":true,"jetpack_shortlink":"https:\/\/wp.me\/pabfdt-1KI","_links":{"self":[{"href":"http:\/\/joelgirauddepute.fr\/index.php\/wp-json\/wp\/v2\/posts\/6740","targetHints":{"allow":["GET"]}}],"collection":[{"href":"http:\/\/joelgirauddepute.fr\/index.php\/wp-json\/wp\/v2\/posts"}],"about":[{"href":"http:\/\/joelgirauddepute.fr\/index.php\/wp-json\/wp\/v2\/types\/post"}],"author":[{"embeddable":true,"href":"http:\/\/joelgirauddepute.fr\/index.php\/wp-json\/wp\/v2\/users\/1"}],"replies":[{"embeddable":true,"href":"http:\/\/joelgirauddepute.fr\/index.php\/wp-json\/wp\/v2\/comments?post=6740"}],"version-history":[{"count":1,"href":"http:\/\/joelgirauddepute.fr\/index.php\/wp-json\/wp\/v2\/posts\/6740\/revisions"}],"predecessor-version":[{"id":6742,"href":"http:\/\/joelgirauddepute.fr\/index.php\/wp-json\/wp\/v2\/posts\/6740\/revisions\/6742"}],"wp:featuredmedia":[{"embeddable":true,"href":"http:\/\/joelgirauddepute.fr\/index.php\/wp-json\/wp\/v2\/media\/6741"}],"wp:attachment":[{"href":"http:\/\/joelgirauddepute.fr\/index.php\/wp-json\/wp\/v2\/media?parent=6740"}],"wp:term":[{"taxonomy":"category","embeddable":true,"href":"http:\/\/joelgirauddepute.fr\/index.php\/wp-json\/wp\/v2\/categories?post=6740"},{"taxonomy":"post_tag","embeddable":true,"href":"http:\/\/joelgirauddepute.fr\/index.php\/wp-json\/wp\/v2\/tags?post=6740"}],"curies":[{"name":"wp","href":"https:\/\/api.w.org\/{rel}","templated":true}]}}