{"id":672,"date":"2017-10-13T10:14:44","date_gmt":"2017-10-13T08:14:44","guid":{"rendered":"http:\/\/joelgirauddepute.fr\/?p=672"},"modified":"2017-10-13T10:15:09","modified_gmt":"2017-10-13T08:15:09","slug":"fin-de-vie-dans-la-dignite-joel-giraud-espere-une-avancee-societale-majeure","status":"publish","type":"post","link":"http:\/\/joelgirauddepute.fr\/index.php\/2017\/10\/13\/fin-de-vie-dans-la-dignite-joel-giraud-espere-une-avancee-societale-majeure\/","title":{"rendered":"Fin de vie dans la dignit\u00e9 :  Jo\u00ebl Giraud esp\u00e8re une avanc\u00e9e soci\u00e9tale majeure"},"content":{"rendered":"<p><strong>Fid\u00e8le \u00e0 ses convictions sur ce sujet, Jo\u00ebl Giraud vient de cosigner une proposition de loi du d\u00e9put\u00e9 LREM du Rh\u00f4ne Jean-Louis TOURAINE portant sur la fin de vie dans la dignit\u00e9.<\/strong><\/p>\n<p>C\u2019est un sujet sur lequel le d\u00e9put\u00e9 des Hautes-Alpes a eu souvent l\u2019occasion de s\u2019exprimer rappelant que, m\u00eame si elle repr\u00e9sente un pas en avant, la Loi Claeys-Leonetti du 3 f\u00e9vrier 2016 sur les droits des personnes en fin de vie selon lui ne va pas assez loin, Jo\u00ebl Giraud \u00e9tant clairement favorable au droit pour un patient qui se sait condamn\u00e9, de d\u00e9cider en plein conscience d\u2019arr\u00eater de souffrir, de prendre le temps de se s\u00e9parer de ses proches plut\u00f4t que de s\u2019exposer \u00e0 une d\u00e9ch\u00e9ance physique et mentale que la s\u00e9dation profonde, d\u00e9sormais autoris\u00e9e par la loi, n\u2019\u00e9vite absolument pas.<\/p>\n<p>\u00c0 travers ce nouveau texte, il s\u2019agit de poser un cadre et d\u2019ouvrir de nouveaux droits afin que chaque individu puisse faire un choix libre et \u00e9clair\u00e9 au regard de ses convictions. Il s\u2019agit aussi, de mettre fin \u00e0 une hypocrisie, c\u2019est-\u00e0-dire l\u2019assistance active \u00e0 mourir de la part d\u2019un m\u00e9decin.<\/p>\n<p>Rappelons que de nombreux pays, tels la Belgique, les Pays-Bas, le Luxembourg ou le Qu\u00e9bec ont d\u00e9j\u00e0 l\u00e9gif\u00e9r\u00e9, les premiers depuis plus de dix ans, en faveur d\u2019une assistance m\u00e9dicalis\u00e9e active \u00e0 mourir. Les dispositifs mis en place par ces pays, comparables \u00e0 celui propos\u00e9 par ce texte, n\u2019ont jamais \u00e9t\u00e9 remis en cause t\u00e9moignant ainsi qu\u2019ils r\u00e9pondent \u00e0 une demande de la population.<\/p>\n<p>La proposition vise \u00e0 ins\u00e9rer un article au code de la sant\u00e9 publique afin d\u2019instaurer un dispositif strict qui garantit le respect du choix du patient et impose aux m\u00e9decins des proc\u00e9dures rigoureuses. Cette aide m\u00e9dicalis\u00e9e active doit aussi \u00eatre strictement et pr\u00e9cis\u00e9ment encadr\u00e9e, et la demande doit \u00eatre instruite par un coll\u00e8ge de trois m\u00e9decins afin d\u2019en appr\u00e9cier le caract\u00e8re libre, \u00e9clair\u00e9, r\u00e9fl\u00e9chi et explicite.<\/p>\n<p>Apr\u00e8s un d\u00e9lai de quatre jours pour confirmer la volont\u00e9 du patient l\u2019assistance m\u00e9dicalis\u00e9e active \u00e0 mourir doit pouvoir \u00eatre r\u00e9alis\u00e9e soit par le patient lui-m\u00eame et en pr\u00e9sence du m\u00e9decin, soit par le m\u00e9decin. Enfin, l\u2019int\u00e9gralit\u00e9 de la proc\u00e9dure doit \u00eatre vers\u00e9e au dossier m\u00e9dical du patient l\u2019int\u00e9ress\u00e9 pouvant \u00e0 tout moment r\u00e9voquer sa demande.<\/p>\n<p><strong>Cette proposition est pour l\u2019instant renvoy\u00e9e c \u00e0 la commission des affaires sociales et le d\u00e9put\u00e9 des Hautes-Alpes compte sur le bon sens de ses coll\u00e8gues pour mettre en place une avanc\u00e9e soci\u00e9tale qu\u2019il consid\u00e8re majeure.<\/strong><\/p>\n<p><strong><u>Ci-dessous la proposition de loi<\/u><\/strong><\/p>\n<p><img loading=\"lazy\" decoding=\"async\" class=\"alignnone size-medium wp-image-674\" src=\"http:\/\/joelgirauddepute.fr\/wp-content\/uploads\/2017\/10\/PPL-fin-de-vie-1-211x300.jpg\" alt=\"\" width=\"211\" height=\"300\" srcset=\"http:\/\/joelgirauddepute.fr\/wp-content\/uploads\/2017\/10\/PPL-fin-de-vie-1-211x300.jpg 211w, http:\/\/joelgirauddepute.fr\/wp-content\/uploads\/2017\/10\/PPL-fin-de-vie-1-768x1092.jpg 768w, http:\/\/joelgirauddepute.fr\/wp-content\/uploads\/2017\/10\/PPL-fin-de-vie-1-720x1024.jpg 720w, http:\/\/joelgirauddepute.fr\/wp-content\/uploads\/2017\/10\/PPL-fin-de-vie-1.jpg 788w\" sizes=\"auto, (max-width: 211px) 100vw, 211px\" \/><\/p>\n<p><img loading=\"lazy\" decoding=\"async\" class=\"alignnone size-medium wp-image-675\" src=\"http:\/\/joelgirauddepute.fr\/wp-content\/uploads\/2017\/10\/PPL-fin-de-vie-2-202x300.jpg\" alt=\"\" width=\"202\" height=\"300\" srcset=\"http:\/\/joelgirauddepute.fr\/wp-content\/uploads\/2017\/10\/PPL-fin-de-vie-2-202x300.jpg 202w, http:\/\/joelgirauddepute.fr\/wp-content\/uploads\/2017\/10\/PPL-fin-de-vie-2-689x1024.jpg 689w, http:\/\/joelgirauddepute.fr\/wp-content\/uploads\/2017\/10\/PPL-fin-de-vie-2.jpg 719w\" sizes=\"auto, (max-width: 202px) 100vw, 202px\" \/><\/p>\n<p><img loading=\"lazy\" decoding=\"async\" class=\"alignnone size-medium wp-image-676\" src=\"http:\/\/joelgirauddepute.fr\/wp-content\/uploads\/2017\/10\/PPL-fin-de-vie-3-194x300.jpg\" alt=\"\" width=\"194\" height=\"300\" srcset=\"http:\/\/joelgirauddepute.fr\/wp-content\/uploads\/2017\/10\/PPL-fin-de-vie-3-194x300.jpg 194w, http:\/\/joelgirauddepute.fr\/wp-content\/uploads\/2017\/10\/PPL-fin-de-vie-3-661x1024.jpg 661w, http:\/\/joelgirauddepute.fr\/wp-content\/uploads\/2017\/10\/PPL-fin-de-vie-3.jpg 691w\" sizes=\"auto, (max-width: 194px) 100vw, 194px\" \/><\/p>\n<p><img loading=\"lazy\" decoding=\"async\" class=\"alignnone size-medium wp-image-677\" src=\"http:\/\/joelgirauddepute.fr\/wp-content\/uploads\/2017\/10\/PPL-fin-de-vie-4-269x300.jpg\" alt=\"\" width=\"269\" height=\"300\" srcset=\"http:\/\/joelgirauddepute.fr\/wp-content\/uploads\/2017\/10\/PPL-fin-de-vie-4-269x300.jpg 269w, http:\/\/joelgirauddepute.fr\/wp-content\/uploads\/2017\/10\/PPL-fin-de-vie-4.jpg 738w\" sizes=\"auto, (max-width: 269px) 100vw, 269px\" \/><\/p>\n","protected":false},"excerpt":{"rendered":"<div class=\"mh-excerpt\"><p>Fid\u00e8le \u00e0 ses convictions sur ce sujet, Jo\u00ebl Giraud vient de cosigner une proposition de loi du d\u00e9put\u00e9 LREM du Rh\u00f4ne Jean-Louis TOURAINE portant sur <a class=\"mh-excerpt-more\" href=\"http:\/\/joelgirauddepute.fr\/index.php\/2017\/10\/13\/fin-de-vie-dans-la-dignite-joel-giraud-espere-une-avancee-societale-majeure\/\" title=\"Fin de vie dans la dignit\u00e9 :  Jo\u00ebl Giraud esp\u00e8re une avanc\u00e9e soci\u00e9tale majeure\">[&#8230;]<\/a><\/p>\n<\/div>","protected":false},"author":1,"featured_media":673,"comment_status":"open","ping_status":"open","sticky":false,"template":"","format":"standard","meta":{"footnotes":""},"categories":[6,32,31],"tags":[],"class_list":["post-672","post","type-post","status-publish","format-standard","has-post-thumbnail","hentry","category-communiques","category-societe","category-travaux-legislatifs"],"jetpack_featured_media_url":"http:\/\/joelgirauddepute.fr\/wp-content\/uploads\/2017\/10\/9432902-old-and-young-hands-two-generations-concept.jpg","jetpack_sharing_enabled":true,"jetpack_shortlink":"https:\/\/wp.me\/pabfdt-aQ","_links":{"self":[{"href":"http:\/\/joelgirauddepute.fr\/index.php\/wp-json\/wp\/v2\/posts\/672","targetHints":{"allow":["GET"]}}],"collection":[{"href":"http:\/\/joelgirauddepute.fr\/index.php\/wp-json\/wp\/v2\/posts"}],"about":[{"href":"http:\/\/joelgirauddepute.fr\/index.php\/wp-json\/wp\/v2\/types\/post"}],"author":[{"embeddable":true,"href":"http:\/\/joelgirauddepute.fr\/index.php\/wp-json\/wp\/v2\/users\/1"}],"replies":[{"embeddable":true,"href":"http:\/\/joelgirauddepute.fr\/index.php\/wp-json\/wp\/v2\/comments?post=672"}],"version-history":[{"count":2,"href":"http:\/\/joelgirauddepute.fr\/index.php\/wp-json\/wp\/v2\/posts\/672\/revisions"}],"predecessor-version":[{"id":679,"href":"http:\/\/joelgirauddepute.fr\/index.php\/wp-json\/wp\/v2\/posts\/672\/revisions\/679"}],"wp:featuredmedia":[{"embeddable":true,"href":"http:\/\/joelgirauddepute.fr\/index.php\/wp-json\/wp\/v2\/media\/673"}],"wp:attachment":[{"href":"http:\/\/joelgirauddepute.fr\/index.php\/wp-json\/wp\/v2\/media?parent=672"}],"wp:term":[{"taxonomy":"category","embeddable":true,"href":"http:\/\/joelgirauddepute.fr\/index.php\/wp-json\/wp\/v2\/categories?post=672"},{"taxonomy":"post_tag","embeddable":true,"href":"http:\/\/joelgirauddepute.fr\/index.php\/wp-json\/wp\/v2\/tags?post=672"}],"curies":[{"name":"wp","href":"https:\/\/api.w.org\/{rel}","templated":true}]}}