{"id":6700,"date":"2022-09-24T10:26:10","date_gmt":"2022-09-24T08:26:10","guid":{"rendered":"http:\/\/joelgirauddepute.fr\/?p=6700"},"modified":"2022-10-04T17:50:04","modified_gmt":"2022-10-04T15:50:04","slug":"joel-giraud-il-faut-faire-sauter-le-verrou-de-la-fiscalite-locale","status":"publish","type":"post","link":"http:\/\/joelgirauddepute.fr\/index.php\/2022\/09\/24\/joel-giraud-il-faut-faire-sauter-le-verrou-de-la-fiscalite-locale\/","title":{"rendered":"Jo\u00ebl Giraud : \u00ab\u00a0Il faut faire sauter le verrou de la fiscalit\u00e9 locale\u00a0\u00bb"},"content":{"rendered":"\n<p>Jo\u00ebl Giraud \u00e9tait l&rsquo;invit\u00e9 de \u00ab\u00a0Parole Donn\u00e9e\u00a0\u00bb dans les studios de la ram05 aujourd&rsquo;hui, l&rsquo;occasion de faire le point sur tous les sujets brulants de la rentr\u00e9e.<\/p>\n\n\n\n<p>Il \u00e9tait d&rsquo;abord question de la hausse des co\u00fbts de l&rsquo;\u00e9nergie qui met en difficult\u00e9 de nombreux exploitants de remont\u00e9es m\u00e9caniques. Le d\u00e9put\u00e9 des Hautes-Alpes travaille avec le gouvernement pour adapter les aides aux sp\u00e9cificit\u00e9s de chaque station, en particulier les r\u00e9gies qui sont les plus vuln\u00e9rables et pourtant non \u00e9ligibles aux dispositifs actuels.<\/p>\n\n\n\n<p>La probl\u00e9matique de l&rsquo;acc\u00e8s au logement dans les Hautes-Alpes a \u00e9galement \u00e9t\u00e9 abord\u00e9e. Avec un taux de r\u00e9sidences secondaires de 50% et une artificialisation des sols qui ralentit, le rench\u00e9rissement du foncier dans le d\u00e9partement est tel qu&rsquo;il exclut de nombreux haut-alpins de l&rsquo;acc\u00e8s \u00e0 la propri\u00e9t\u00e9. Pour Jo\u00ebl Giraud, l&rsquo;Etablissement public foncier (EPF) r\u00e9gional doit s&rsquo;atteler \u00e0 remettre sur le march\u00e9 des habitats, notamment anciens, pour tirer le prix du logement \u00e0 la baisse.<\/p>\n\n\n\n<p>Jo\u00ebl Giraud a aussi annonc\u00e9 qu&rsquo;il d\u00e9fendrait, dans le cadre du projet de loi de finances pour 2023, <strong>une r\u00e9forme permettant de d\u00e9faire le lien entre les diff\u00e9rentes taxes locales, afin de laisser la libert\u00e9 aux communes de fixer le taux la taxe d&rsquo;habitation<\/strong> sur les r\u00e9sidences secondaires ind\u00e9pendamment de la taxe fonci\u00e8re.<\/p>\n\n\n\n<p>Enfin, le d\u00e9put\u00e9 des Hautes-Alpes a rappel\u00e9 son scepticisme sur le d\u00e9p\u00f4t d&rsquo;un amendement sur les retraites dans le cadre du Projet de loi de financement de la s\u00e9curit\u00e9 sociale. Il est selon lui n\u00e9cessaire de prendre le temps de la concertation pour mettre en place la r\u00e9forme. Celle-ci est n\u00e9cessaire pour rendre le syst\u00e8me plus \u00e9quitable et garantir \u00e0 tous une retraite d\u00e9cente.<\/p>\n\n\n\n<p>Retrouvez l&rsquo;\u00e9mission au lien suivant :<\/p>\n\n\n\n<p><a href=\"https:\/\/ram05.fr\/podcasts\/parole-donnee\/joel-giraud-depute-de-la-2eme-circo-des-hautes-alpes\">https:\/\/ram05.fr\/podcasts\/parole-donnee\/joel-giraud-depute-de-la-2eme-circo-des-hautes-alpes<\/a><\/p>\n","protected":false},"excerpt":{"rendered":"<div class=\"mh-excerpt\"><p>Jo\u00ebl Giraud \u00e9tait l&rsquo;invit\u00e9 de \u00ab\u00a0Parole Donn\u00e9e\u00a0\u00bb dans les studios de la ram05 aujourd&rsquo;hui, l&rsquo;occasion de faire le point sur tous les sujets brulants de <a class=\"mh-excerpt-more\" href=\"http:\/\/joelgirauddepute.fr\/index.php\/2022\/09\/24\/joel-giraud-il-faut-faire-sauter-le-verrou-de-la-fiscalite-locale\/\" title=\"Jo\u00ebl Giraud : \u00ab\u00a0Il faut faire sauter le verrou de la fiscalit\u00e9 locale\u00a0\u00bb\">[&#8230;]<\/a><\/p>\n<\/div>","protected":false},"author":1,"featured_media":6703,"comment_status":"closed","ping_status":"closed","sticky":false,"template":"","format":"standard","meta":{"footnotes":""},"categories":[1],"tags":[],"class_list":["post-6700","post","type-post","status-publish","format-standard","has-post-thumbnail","hentry","category-non-classe"],"jetpack_featured_media_url":"http:\/\/joelgirauddepute.fr\/wp-content\/uploads\/2022\/09\/fisca_locale.jpg","jetpack_sharing_enabled":true,"jetpack_shortlink":"https:\/\/wp.me\/pabfdt-1K4","_links":{"self":[{"href":"http:\/\/joelgirauddepute.fr\/index.php\/wp-json\/wp\/v2\/posts\/6700","targetHints":{"allow":["GET"]}}],"collection":[{"href":"http:\/\/joelgirauddepute.fr\/index.php\/wp-json\/wp\/v2\/posts"}],"about":[{"href":"http:\/\/joelgirauddepute.fr\/index.php\/wp-json\/wp\/v2\/types\/post"}],"author":[{"embeddable":true,"href":"http:\/\/joelgirauddepute.fr\/index.php\/wp-json\/wp\/v2\/users\/1"}],"replies":[{"embeddable":true,"href":"http:\/\/joelgirauddepute.fr\/index.php\/wp-json\/wp\/v2\/comments?post=6700"}],"version-history":[{"count":4,"href":"http:\/\/joelgirauddepute.fr\/index.php\/wp-json\/wp\/v2\/posts\/6700\/revisions"}],"predecessor-version":[{"id":6722,"href":"http:\/\/joelgirauddepute.fr\/index.php\/wp-json\/wp\/v2\/posts\/6700\/revisions\/6722"}],"wp:featuredmedia":[{"embeddable":true,"href":"http:\/\/joelgirauddepute.fr\/index.php\/wp-json\/wp\/v2\/media\/6703"}],"wp:attachment":[{"href":"http:\/\/joelgirauddepute.fr\/index.php\/wp-json\/wp\/v2\/media?parent=6700"}],"wp:term":[{"taxonomy":"category","embeddable":true,"href":"http:\/\/joelgirauddepute.fr\/index.php\/wp-json\/wp\/v2\/categories?post=6700"},{"taxonomy":"post_tag","embeddable":true,"href":"http:\/\/joelgirauddepute.fr\/index.php\/wp-json\/wp\/v2\/tags?post=6700"}],"curies":[{"name":"wp","href":"https:\/\/api.w.org\/{rel}","templated":true}]}}