{"id":6693,"date":"2022-09-22T17:36:00","date_gmt":"2022-09-22T15:36:00","guid":{"rendered":"http:\/\/joelgirauddepute.fr\/?p=6693"},"modified":"2022-09-22T17:36:01","modified_gmt":"2022-09-22T15:36:01","slug":"la-secretaire-detat-dominique-faure-en-escale-dans-les-hautes-alpes-ce-mercredi","status":"publish","type":"post","link":"http:\/\/joelgirauddepute.fr\/index.php\/2022\/09\/22\/la-secretaire-detat-dominique-faure-en-escale-dans-les-hautes-alpes-ce-mercredi\/","title":{"rendered":"La secr\u00e9taire d&rsquo;Etat Dominique Faure en escale dans les Hautes-Alpes ce mercredi !"},"content":{"rendered":"\n<p>Dominique Faure, secr\u00e9taire d\u2019\u00c9tat aupr\u00e8s du ministre de la Transition \u00e9cologique et de la Coh\u00e9sion des territoires, en charge de la Ruralit\u00e9, \u00e9tait dans le d\u00e9partement des Hautes-Alpes mercredi 21\u00a0septembre. Apr\u00e8s s\u2019\u00eatre rendue \u00e0 Brian\u00e7on,\u00a0o\u00f9 se tenait\u00a0l\u2019assembl\u00e9e g\u00e9n\u00e9rale de l\u2019Association nationale des maires des stations de montagne, elle a fait escale \u00e0 L\u2019Argenti\u00e8re-la-Bess\u00e9e, au mus\u00e9e de\u00a0la mine d\u2019argent\u00a0\u00e0 l\u2019occasion des 30 ans de valorisation de la mine du Fournel.<\/p>\n\n\n\n<p>Accueillie par le maire, Alain Sachez, le d\u00e9put\u00e9 des Hautes-Alpes, Jo\u00ebl Giraud,&nbsp;Chantal Eymeoud, vice-pr\u00e9sidente de la R\u00e9gion Paca, et plusieurs&nbsp;conseillers d\u00e9partementaux, Dominique Faure a b\u00e9n\u00e9fici\u00e9 d&rsquo;une visite guid\u00e9e&nbsp;assur\u00e9e notamment&nbsp;par Bruno Ancel, arch\u00e9ologue en charge de la valorisation de la mine.<\/p>\n\n\n\n<p>Et la secr\u00e9taire d&rsquo;\u00c9tat de confier &nbsp;: \u00ab&nbsp;Je suis heureuse de d\u00e9couvrir les tr\u00e9sors de la commune de L\u2019Argenti\u00e8re-la-Bess\u00e9e, dont mon pr\u00e9d\u00e9cesseur Joel Giraud (secr\u00e9taire d&rsquo;\u00c9tat et ministre lors du pr\u00e9c\u00e9ent quinquennat)&nbsp;a \u00e9t\u00e9 le maire durant 30 ans.&nbsp;\u00bb<\/p>\n\n\n\n<h2 class=\"wp-block-heading\">Une convention sign\u00e9e<\/h2>\n\n\n\n<p>Au programme :&nbsp;visite du mus\u00e9e des mines,&nbsp;diaporama relatant principalement l\u2019histoire de ce site arch\u00e9ologique et sa valorisation, etc.<\/p>\n\n\n\n<p>Laiss\u00e9 \u00e0 l\u2019abandon, c\u2019est en 1991 que le site est ressorti de l\u2019oubli \u00e0 travers des recherches arch\u00e9ologiques. \u00ab&nbsp;Un an plus tard, on ouvrait la mine au public pour des visites&nbsp;\u00bb, a rappel\u00e9 l\u2019arch\u00e9ologue.<\/p>\n\n\n\n<p>Il aura fallu travailler&nbsp;sur environ&nbsp;10 kilom\u00e8tres de galerie souterraine, d\u00e9placer 15&nbsp;000 tonnes de mat\u00e9riaux pour rendre la mine visitable&#8230; Cela fait maintenant 30 ans que l&rsquo;ancien fleuron de l\u2019industrie est valoris\u00e9. Depuis un circuit a \u00e9t\u00e9 am\u00e9nag\u00e9 pour permettre \u00e0 12&nbsp;000 visiteurs par an, essentiellement l&rsquo;\u00e9t\u00e9, de le d\u00e9couvrir.<\/p>\n\n\n\n<p>La visite de la secr\u00e9taire d\u2019\u00c9tat s\u2019est poursuivie au plan d\u2019eau, pour la\u00a0signature d&rsquo;une convention avec l\u2019Education nationale et le Centre r\u00e9gional de formation de cano\u00eb-kayak. Derni\u00e8re \u00e9tape\u00a0 au foyer culturel afin d&rsquo;y\u00a0parler\u00a0tourisme.<\/p>\n","protected":false},"excerpt":{"rendered":"<div class=\"mh-excerpt\"><p>Dominique Faure, secr\u00e9taire d\u2019\u00c9tat aupr\u00e8s du ministre de la Transition \u00e9cologique et de la Coh\u00e9sion des territoires, en charge de la Ruralit\u00e9, \u00e9tait dans le <a class=\"mh-excerpt-more\" href=\"http:\/\/joelgirauddepute.fr\/index.php\/2022\/09\/22\/la-secretaire-detat-dominique-faure-en-escale-dans-les-hautes-alpes-ce-mercredi\/\" title=\"La secr\u00e9taire d&rsquo;Etat Dominique Faure en escale dans les Hautes-Alpes ce mercredi !\">[&#8230;]<\/a><\/p>\n<\/div>","protected":false},"author":1,"featured_media":6694,"comment_status":"closed","ping_status":"closed","sticky":false,"template":"","format":"standard","meta":{"footnotes":""},"categories":[1],"tags":[],"class_list":["post-6693","post","type-post","status-publish","format-standard","has-post-thumbnail","hentry","category-non-classe"],"jetpack_featured_media_url":"http:\/\/joelgirauddepute.fr\/wp-content\/uploads\/2022\/09\/Jorel-Giraud-Dominique-Faure-0922.jpg","jetpack_sharing_enabled":true,"jetpack_shortlink":"https:\/\/wp.me\/pabfdt-1JX","_links":{"self":[{"href":"http:\/\/joelgirauddepute.fr\/index.php\/wp-json\/wp\/v2\/posts\/6693","targetHints":{"allow":["GET"]}}],"collection":[{"href":"http:\/\/joelgirauddepute.fr\/index.php\/wp-json\/wp\/v2\/posts"}],"about":[{"href":"http:\/\/joelgirauddepute.fr\/index.php\/wp-json\/wp\/v2\/types\/post"}],"author":[{"embeddable":true,"href":"http:\/\/joelgirauddepute.fr\/index.php\/wp-json\/wp\/v2\/users\/1"}],"replies":[{"embeddable":true,"href":"http:\/\/joelgirauddepute.fr\/index.php\/wp-json\/wp\/v2\/comments?post=6693"}],"version-history":[{"count":1,"href":"http:\/\/joelgirauddepute.fr\/index.php\/wp-json\/wp\/v2\/posts\/6693\/revisions"}],"predecessor-version":[{"id":6695,"href":"http:\/\/joelgirauddepute.fr\/index.php\/wp-json\/wp\/v2\/posts\/6693\/revisions\/6695"}],"wp:featuredmedia":[{"embeddable":true,"href":"http:\/\/joelgirauddepute.fr\/index.php\/wp-json\/wp\/v2\/media\/6694"}],"wp:attachment":[{"href":"http:\/\/joelgirauddepute.fr\/index.php\/wp-json\/wp\/v2\/media?parent=6693"}],"wp:term":[{"taxonomy":"category","embeddable":true,"href":"http:\/\/joelgirauddepute.fr\/index.php\/wp-json\/wp\/v2\/categories?post=6693"},{"taxonomy":"post_tag","embeddable":true,"href":"http:\/\/joelgirauddepute.fr\/index.php\/wp-json\/wp\/v2\/tags?post=6693"}],"curies":[{"name":"wp","href":"https:\/\/api.w.org\/{rel}","templated":true}]}}