{"id":6663,"date":"2022-07-26T14:00:09","date_gmt":"2022-07-26T12:00:09","guid":{"rendered":"http:\/\/joelgirauddepute.fr\/?p=6663"},"modified":"2022-07-26T14:00:12","modified_gmt":"2022-07-26T12:00:12","slug":"politique-agricole-commune-le-gouvernement-maintient-les-aides-aux-eleveurs-de-montagne-avec-lappui-de-joel-giraud","status":"publish","type":"post","link":"http:\/\/joelgirauddepute.fr\/index.php\/2022\/07\/26\/politique-agricole-commune-le-gouvernement-maintient-les-aides-aux-eleveurs-de-montagne-avec-lappui-de-joel-giraud\/","title":{"rendered":"Politique agricole commune : le gouvernement maintient les aides aux \u00e9leveurs de montagne avec l\u2019appui de Jo\u00ebl Giraud"},"content":{"rendered":"\n<p>Saisi par plusieurs acteurs du pastoralisme, comme les Jeunes agriculteurs ou la F\u00e9d\u00e9ration Nationale des Communes Pastorales, Jo\u00ebl Giraud avait alert\u00e9 d\u00e9but juillet Marc Fesneau, Ministre de l\u2019Agriculture et de la Souverainet\u00e9 alimentaire, sur la n\u00e9cessit\u00e9 de maintenir dans la prochaine programmation de la Politique agricole commune (PAC) les proratas d\u2019\u00e9ligibilit\u00e9 des surfaces pastorales actuellement en vigueur dans la PAC 2015-2020, en particulier le taux de 35% de la tranche 50-80.<\/p>\n\n\n\n<div class=\"wp-block-file\"><a href=\"http:\/\/joelgirauddepute.fr\/wp-content\/uploads\/2022\/07\/JGIRAUD-\u00e0-MFESNEAU-Eligibilit\u00e9-surfaces-pastorales-PAC-280622.pdf\">Courrier de Jo\u00ebl GIRAUD \u00e0 Marc FESNEAU<\/a><a href=\"http:\/\/joelgirauddepute.fr\/wp-content\/uploads\/2022\/07\/JGIRAUD-\u00e0-MFESNEAU-Eligibilit\u00e9-surfaces-pastorales-PAC-280622.pdf\" class=\"wp-block-file__button\" download>T\u00e9l\u00e9charger<\/a><\/div>\n\n\n\n<p>Si le sujet est technique, cela signifie simplement que les zones de p\u00e2turages compos\u00e9es entre 50% et 80% d\u2019\u00e9l\u00e9ments ne produisant pas de ressources ouvrent des droits aux subventions de la PAC aux \u00e9leveurs pastoraux, en y appliquant un prorata de 35%.<\/p>\n\n\n\n<p>Le risque \u00e9tait de voir ce taux abaiss\u00e9 \u00e0 25% dans le prochain Plan Strat\u00e9gique National (PSN) pr\u00e9sent\u00e9 par la France \u00e0 la Commission europ\u00e9enne en d\u00e9but de mois, ce qui aurait engendr\u00e9 une forte baisse des aides dont b\u00e9n\u00e9ficient les petits \u00e9leveurs et ainsi mis en danger le pastoralisme de montagne, qui d\u00e9pend en grande partie de ces surfaces pastorales.<\/p>\n\n\n\n<div class=\"wp-block-file\"><a href=\"http:\/\/joelgirauddepute.fr\/wp-content\/uploads\/2022\/07\/MFESNEAU-\u00e0-JGIRAUD-Eligibilit\u00e9-surfaces-pastorales-180722.pdf\">R\u00e9ponse de Marc FESNEAU \u00e0 Jo\u00ebl GIRAUD<\/a><a href=\"http:\/\/joelgirauddepute.fr\/wp-content\/uploads\/2022\/07\/MFESNEAU-\u00e0-JGIRAUD-Eligibilit\u00e9-surfaces-pastorales-180722.pdf\" class=\"wp-block-file__button\" download>T\u00e9l\u00e9charger<\/a><\/div>\n\n\n\n<p>Confirmant son profond attachement au pastoralisme et \u00e0 ses vertus pour nos territoires ruraux, le Ministre a inform\u00e9 le d\u00e9put\u00e9 des Hautes-Alpes qu\u2019il avait bien arbitr\u00e9 en faveur du maintien des proratas actuels. C\u2019est un signal fort qui est envoy\u00e9 aux \u00e9leveurs pastoraux, que Jo\u00ebl Giraud continuera de d\u00e9fendre aux c\u00f4t\u00e9s de toutes celles et ceux qui se battent pour le faire vivre.<\/p>\n","protected":false},"excerpt":{"rendered":"<div class=\"mh-excerpt\"><p>Saisi par plusieurs acteurs du pastoralisme, comme les Jeunes agriculteurs ou la F\u00e9d\u00e9ration Nationale des Communes Pastorales, Jo\u00ebl Giraud avait alert\u00e9 d\u00e9but juillet Marc Fesneau, <a class=\"mh-excerpt-more\" href=\"http:\/\/joelgirauddepute.fr\/index.php\/2022\/07\/26\/politique-agricole-commune-le-gouvernement-maintient-les-aides-aux-eleveurs-de-montagne-avec-lappui-de-joel-giraud\/\" title=\"Politique agricole commune : le gouvernement maintient les aides aux \u00e9leveurs de montagne avec l\u2019appui de Jo\u00ebl Giraud\">[&#8230;]<\/a><\/p>\n<\/div>","protected":false},"author":1,"featured_media":6666,"comment_status":"closed","ping_status":"closed","sticky":false,"template":"","format":"standard","meta":{"footnotes":""},"categories":[23,43,14],"tags":[],"class_list":["post-6663","post","type-post","status-publish","format-standard","has-post-thumbnail","hentry","category-agriculture","category-hautes-alpes","category-interventions-au-gouvernement"],"jetpack_featured_media_url":"http:\/\/joelgirauddepute.fr\/wp-content\/uploads\/2022\/07\/pastoralisme_loups_elevage_coexistence_45261034_Drupal.jpg","jetpack_sharing_enabled":true,"jetpack_shortlink":"https:\/\/wp.me\/pabfdt-1Jt","_links":{"self":[{"href":"http:\/\/joelgirauddepute.fr\/index.php\/wp-json\/wp\/v2\/posts\/6663","targetHints":{"allow":["GET"]}}],"collection":[{"href":"http:\/\/joelgirauddepute.fr\/index.php\/wp-json\/wp\/v2\/posts"}],"about":[{"href":"http:\/\/joelgirauddepute.fr\/index.php\/wp-json\/wp\/v2\/types\/post"}],"author":[{"embeddable":true,"href":"http:\/\/joelgirauddepute.fr\/index.php\/wp-json\/wp\/v2\/users\/1"}],"replies":[{"embeddable":true,"href":"http:\/\/joelgirauddepute.fr\/index.php\/wp-json\/wp\/v2\/comments?post=6663"}],"version-history":[{"count":1,"href":"http:\/\/joelgirauddepute.fr\/index.php\/wp-json\/wp\/v2\/posts\/6663\/revisions"}],"predecessor-version":[{"id":6667,"href":"http:\/\/joelgirauddepute.fr\/index.php\/wp-json\/wp\/v2\/posts\/6663\/revisions\/6667"}],"wp:featuredmedia":[{"embeddable":true,"href":"http:\/\/joelgirauddepute.fr\/index.php\/wp-json\/wp\/v2\/media\/6666"}],"wp:attachment":[{"href":"http:\/\/joelgirauddepute.fr\/index.php\/wp-json\/wp\/v2\/media?parent=6663"}],"wp:term":[{"taxonomy":"category","embeddable":true,"href":"http:\/\/joelgirauddepute.fr\/index.php\/wp-json\/wp\/v2\/categories?post=6663"},{"taxonomy":"post_tag","embeddable":true,"href":"http:\/\/joelgirauddepute.fr\/index.php\/wp-json\/wp\/v2\/tags?post=6663"}],"curies":[{"name":"wp","href":"https:\/\/api.w.org\/{rel}","templated":true}]}}