{"id":6474,"date":"2020-07-01T16:49:58","date_gmt":"2020-07-01T14:49:58","guid":{"rendered":"http:\/\/joelgirauddepute.fr\/?p=6474"},"modified":"2020-07-01T16:49:59","modified_gmt":"2020-07-01T14:49:59","slug":"joel-giraud-remonte-a-la-charge-contre-la-non-indemnisation-des-pertes-dexploitation-des-entreprises-notamment-lors-de-lactuelle-crise-sanitaire","status":"publish","type":"post","link":"http:\/\/joelgirauddepute.fr\/index.php\/2020\/07\/01\/joel-giraud-remonte-a-la-charge-contre-la-non-indemnisation-des-pertes-dexploitation-des-entreprises-notamment-lors-de-lactuelle-crise-sanitaire\/","title":{"rendered":"Jo\u00ebl Giraud remonte \u00e0 la charge contre la non indemnisation des pertes d&rsquo;exploitation des entreprises notamment lors de l&rsquo;actuelle crise sanitaire"},"content":{"rendered":"\n<p>M.\n Jean-Paul FAUGERE \u00e9tait auditionn\u00e9 ce jour par la commission des \nfinances de l\u2019Assembl\u00e9e nationale pr\u00e9alablement \u00e0 sa nomination en \nqualit\u00e9 de vice-pr\u00e9sident de l\u2019Autorit\u00e9 de contr\u00f4le prudentiel et de \nr\u00e9solution (ACPR) appel\u00e9 \u00e0 pr\u00e9sider le sous-coll\u00e8ge sectoriel de \nl\u2019assurance.<\/p>\n\n\n\n<p>Rappelant que\n la mission de contr\u00f4le des secteurs de la banque et de l\u2019assurance de \nl\u2019APCR implique notamment de veiller \u00e0 la pr\u00e9servation de la stabilit\u00e9 \nfinanci\u00e8re, mais aussi et surtout d\u2019assurer la protection des clients et\n des assur\u00e9s, le d\u00e9put\u00e9\n Jo\u00ebl GIRAUD a interrog\u00e9 Jean-Paul FAUGERE sur la question des risques \nexceptionnels pr\u00e9sentant un caract\u00e8re syst\u00e9mique, tel qu\u2019une \u00e9pid\u00e9mie de\n grande ampleur, non couverts par les dispositifs assurantiels \nclassiques et notamment le r\u00e9gime d\u2019indemnisation des catastrophes \nnaturelles qui ne couvre les pertes d&rsquo;exploitation des entreprises qu&rsquo;en cas de dommages mat\u00e9riels. <\/p>\n\n\n\n<p>Si\n la crise sanitaire a mis en relief le caract\u00e8re difficilement assurable\n de risques d\u2019une intensit\u00e9 exceptionnelle g\u00e9n\u00e9ralis\u00e9e, il est imp\u00e9ratif\n de d\u00e9finir un\n cadre assurantiel permettant aux acteurs \u00e9conomiques tant de faire face\n \u00e0 une baisse du chiffre d\u2019affaires, que de poursuivre leur activit\u00e9 \ndans les meilleures conditions, \u00e0 un co\u00fbt abordable pour les entreprises\n et ma\u00eetris\u00e9 pour la puissance publique.\n Faisant \u00e9galement \u00e9cho \u00e0 la crise du Chambon dans les Hautes-Alpes, \nJo\u00ebl Giraud a notamment rappel\u00e9 la rigidit\u00e9 des dispositifs actuels en \ncas de risques naturels tel qu\u2019un effondrement de route ne causant aucun\n dommage mat\u00e9riel direct sur les commerces mais emp\u00eachant tout client \nd\u2019y acc\u00e9der. <\/p>\n\n\n\n<p>Il a ainsi demand\u00e9 au futur vice-pr\u00e9sident de l\u2019autorit\u00e9 de contr\u00f4le et de r\u00e9solution ce qu\u2019il pensait des\n premi\u00e8res propositions du secteur dans le cadre du groupe de travail \ninstaur\u00e9 par le minist\u00e8re de l\u2019\u00e9conomie et des finances consistant \u00e0 \nd\u00e9velopper un dispositif d&rsquo;assurance qui pourrait couvrir les \nentreprises de moins de 250 salari\u00e9s et les travailleurs non salari\u00e9s, \ncontre les cons\u00e9quences \u00e9conomiques cons\u00e9cutives \u00e0 un \u00e9v\u00e9nement majeur \nnon \u00e9conomique, via le versement automatique d&rsquo;un capital r\u00e9silience \nconstitu\u00e9 par une surcotisation sur les contrats existants, tels que \nceux de pertes d&rsquo;exploitations classiques ou les multirisques \nentreprises. <\/p>\n\n\n\n<p>Jean-Paul  FAUGERE a r\u00e9pondu qu\u2019il faut certainement s\u2019orienter vers une  architecture \u00e0 plusieurs \u00e9tages avec une part de risques pris en charge  par l\u2019entreprise, un assureur et un r\u00e9assureur, et l\u2019Etat comme cl\u00e9 de  voute du syst\u00e8me, mais qu\u2019il faut attendre que les mod\u00e9lisations  num\u00e9riques parviennent \u00e0 des r\u00e9sultats chiffr\u00e9s satisfaisants pour les  assur\u00e9s dans le cadre des concertations en cours.<\/p>\n\n\n\n<figure class=\"wp-block-embed\"><div class=\"wp-block-embed__wrapper\">\n<div style=\"width: 640px;\" class=\"wp-video\"><video class=\"wp-video-shortcode\" id=\"video-6474-1\" width=\"640\" height=\"360\" preload=\"metadata\" controls=\"controls\"><source type=\"video\/mp4\" src=\"http:\/\/joelgirauddepute.fr\/wp-content\/uploads\/2020\/07\/encoder10_20200701091813_1_3313030_3466466.mp4?_=1\" \/><a href=\"http:\/\/joelgirauddepute.fr\/wp-content\/uploads\/2020\/07\/encoder10_20200701091813_1_3313030_3466466.mp4\">http:\/\/joelgirauddepute.fr\/wp-content\/uploads\/2020\/07\/encoder10_20200701091813_1_3313030_3466466.mp4<\/a><\/video><\/div>\n<\/div><\/figure>\n","protected":false},"excerpt":{"rendered":"<div class=\"mh-excerpt\"><p>M. Jean-Paul FAUGERE \u00e9tait auditionn\u00e9 ce jour par la commission des finances de l\u2019Assembl\u00e9e nationale pr\u00e9alablement \u00e0 sa nomination en qualit\u00e9 de vice-pr\u00e9sident de l\u2019Autorit\u00e9 <a class=\"mh-excerpt-more\" href=\"http:\/\/joelgirauddepute.fr\/index.php\/2020\/07\/01\/joel-giraud-remonte-a-la-charge-contre-la-non-indemnisation-des-pertes-dexploitation-des-entreprises-notamment-lors-de-lactuelle-crise-sanitaire\/\" title=\"Jo\u00ebl Giraud remonte \u00e0 la charge contre la non indemnisation des pertes d&rsquo;exploitation des entreprises notamment lors de l&rsquo;actuelle crise sanitaire\">[&#8230;]<\/a><\/p>\n<\/div>","protected":false},"author":1,"featured_media":6472,"comment_status":"closed","ping_status":"closed","sticky":false,"template":"","format":"standard","meta":{"footnotes":""},"categories":[1],"tags":[],"class_list":["post-6474","post","type-post","status-publish","format-standard","has-post-thumbnail","hentry","category-non-classe"],"jetpack_featured_media_url":"http:\/\/joelgirauddepute.fr\/wp-content\/uploads\/2020\/07\/Screenshot_2020-07-01-Commission-des-finances-M-Jean-Paul-Faug\u00e8re-personnalit\u00e9-pressentie-pour-exercer-les-fonctions-de-vi...5.png","jetpack_sharing_enabled":true,"jetpack_shortlink":"https:\/\/wp.me\/pabfdt-1Gq","_links":{"self":[{"href":"http:\/\/joelgirauddepute.fr\/index.php\/wp-json\/wp\/v2\/posts\/6474","targetHints":{"allow":["GET"]}}],"collection":[{"href":"http:\/\/joelgirauddepute.fr\/index.php\/wp-json\/wp\/v2\/posts"}],"about":[{"href":"http:\/\/joelgirauddepute.fr\/index.php\/wp-json\/wp\/v2\/types\/post"}],"author":[{"embeddable":true,"href":"http:\/\/joelgirauddepute.fr\/index.php\/wp-json\/wp\/v2\/users\/1"}],"replies":[{"embeddable":true,"href":"http:\/\/joelgirauddepute.fr\/index.php\/wp-json\/wp\/v2\/comments?post=6474"}],"version-history":[{"count":1,"href":"http:\/\/joelgirauddepute.fr\/index.php\/wp-json\/wp\/v2\/posts\/6474\/revisions"}],"predecessor-version":[{"id":6477,"href":"http:\/\/joelgirauddepute.fr\/index.php\/wp-json\/wp\/v2\/posts\/6474\/revisions\/6477"}],"wp:featuredmedia":[{"embeddable":true,"href":"http:\/\/joelgirauddepute.fr\/index.php\/wp-json\/wp\/v2\/media\/6472"}],"wp:attachment":[{"href":"http:\/\/joelgirauddepute.fr\/index.php\/wp-json\/wp\/v2\/media?parent=6474"}],"wp:term":[{"taxonomy":"category","embeddable":true,"href":"http:\/\/joelgirauddepute.fr\/index.php\/wp-json\/wp\/v2\/categories?post=6474"},{"taxonomy":"post_tag","embeddable":true,"href":"http:\/\/joelgirauddepute.fr\/index.php\/wp-json\/wp\/v2\/tags?post=6474"}],"curies":[{"name":"wp","href":"https:\/\/api.w.org\/{rel}","templated":true}]}}