{"id":6468,"date":"2020-06-30T21:06:55","date_gmt":"2020-06-30T19:06:55","guid":{"rendered":"http:\/\/joelgirauddepute.fr\/?p=6468"},"modified":"2020-06-30T21:07:00","modified_gmt":"2020-06-30T19:07:00","slug":"le-depute-joel-giraud-interroge-le-president-de-la-cour-des-comptes-pierre-moscovici-sur-les-moyens-de-redresser-les-comptes-publics-sans-casser-la-relance","status":"publish","type":"post","link":"http:\/\/joelgirauddepute.fr\/index.php\/2020\/06\/30\/le-depute-joel-giraud-interroge-le-president-de-la-cour-des-comptes-pierre-moscovici-sur-les-moyens-de-redresser-les-comptes-publics-sans-casser-la-relance\/","title":{"rendered":"Le d\u00e9put\u00e9 Jo\u00ebl Giraud interroge le Pr\u00e9sident de la Cour des Comptes Pierre Moscovici sur les moyens de redresser les comptes publics sans casser la relance"},"content":{"rendered":"\n<p>\nPierre Moscovici, Premier pr\u00e9sident de la Cour des comptes \u00e9tait \nauditionn\u00e9 ce jour par la commission des finances de l\u2019Assembl\u00e9e \nnationale sur le rapport de la juridiction financi\u00e8re sur la situation \net les perspectives 2020 des finances publiques suite au troisi\u00e8me \nprojet de loi de finances rectificative. <\/p>\n\n\n\n<p>\nEn bon montagnard, le d\u00e9put\u00e9 Jo\u00ebl Giraud a souhait\u00e9 l\u2019interroger sur les\n moyens de tenir la difficile ligne de cr\u00eate entre la ma\u00eetrise des \nd\u00e9penses et la relance de la croissance. L\u2019ancien Rapporteur du budget a\n en effet rappel\u00e9 que si le redressement des finances publiques entam\u00e9 \nen 2017 permet aujourd\u2019hui \u00e0 la France de conserver sa stabilit\u00e9 \nfinanci\u00e8re alors que son endettement va d\u00e9coller de plus de 20 points du\n PIB, cette situation exceptionnelle appelle \u00e0 maintenir le financement \nde d\u00e9penses prioritaires dans des domaines moteurs de la croissance de \ndemain tels que la transition \u00e9cologique, l\u2019\u00e9ducation et la recherche et\n la coh\u00e9sion des territoires. <\/p>\n\n\n\n<p>\nDu c\u00f4t\u00e9 des recettes, le d\u00e9put\u00e9 haut-alpin appelle \u00e0 stabiliser le \nniveau de pr\u00e9l\u00e8vement, sauf \u00e0 supprimer des niches fiscales inop\u00e9rantes \nparmi les nombreuses qu\u2019il s\u2019est attel\u00e9 \u00e0 identifier lors de son mandat \nde rapporteur, avant de demander au Premier pr\u00e9sident de la Cour comment\n il concevait l\u2019articulation du d\u00e9sendettement de la France avec les \nplans de relance europ\u00e9ens de mutualisation de la dette.<\/p>\n\n\n\n<p> Pierre Moscovici a r\u00e9pondu que la perception de la qualit\u00e9 de la  signature de la France tient avant tout \u00e0 son \u00e9conomie solide, ses  capacit\u00e9s de rebond et d\u2019innovation. Que l\u2019Europe se montre capable de  solidarit\u00e9 et de mutualiser pour la premi\u00e8re fois des emprunts avec une  cl\u00e9 de r\u00e9partition par pays repr\u00e9sente deux novations de taille qui  renforcent le moteur franco-allemand. Et c\u2019est pr\u00e9cis\u00e9ment pour ne pas  diminuer la cr\u00e9dibilit\u00e9 de la France que les efforts pour ma\u00eetriser la  dette nationale doivent \u00eatre d\u2019autant plus soutenus.<\/p>\n\n\n\n<figure class=\"wp-block-embed\"><div class=\"wp-block-embed__wrapper\">\n<div style=\"width: 640px;\" class=\"wp-video\"><video class=\"wp-video-shortcode\" id=\"video-6468-1\" width=\"640\" height=\"360\" preload=\"metadata\" controls=\"controls\"><source type=\"video\/mp4\" src=\"http:\/\/joelgirauddepute.fr\/wp-content\/uploads\/2020\/06\/intervention-JG-COMFI-MOSCOVICI-rapport-Cour-des-Comptes-.mp4?_=1\" \/><a href=\"http:\/\/joelgirauddepute.fr\/wp-content\/uploads\/2020\/06\/intervention-JG-COMFI-MOSCOVICI-rapport-Cour-des-Comptes-.mp4\">http:\/\/joelgirauddepute.fr\/wp-content\/uploads\/2020\/06\/intervention-JG-COMFI-MOSCOVICI-rapport-Cour-des-Comptes-.mp4<\/a><\/video><\/div>\n<\/div><\/figure>\n","protected":false},"excerpt":{"rendered":"<div class=\"mh-excerpt\"><p>Pierre Moscovici, Premier pr\u00e9sident de la Cour des comptes \u00e9tait auditionn\u00e9 ce jour par la commission des finances de l\u2019Assembl\u00e9e nationale sur le rapport de <a class=\"mh-excerpt-more\" href=\"http:\/\/joelgirauddepute.fr\/index.php\/2020\/06\/30\/le-depute-joel-giraud-interroge-le-president-de-la-cour-des-comptes-pierre-moscovici-sur-les-moyens-de-redresser-les-comptes-publics-sans-casser-la-relance\/\" title=\"Le d\u00e9put\u00e9 Jo\u00ebl Giraud interroge le Pr\u00e9sident de la Cour des Comptes Pierre Moscovici sur les moyens de redresser les comptes publics sans casser la relance\">[&#8230;]<\/a><\/p>\n<\/div>","protected":false},"author":1,"featured_media":6469,"comment_status":"open","ping_status":"open","sticky":false,"template":"","format":"standard","meta":{"footnotes":""},"categories":[1],"tags":[],"class_list":["post-6468","post","type-post","status-publish","format-standard","has-post-thumbnail","hentry","category-non-classe"],"jetpack_featured_media_url":"http:\/\/joelgirauddepute.fr\/wp-content\/uploads\/2020\/06\/Capture-d\u2019e\u0301cran-2020-06-30-a\u0300-21.03.57.png","jetpack_sharing_enabled":true,"jetpack_shortlink":"https:\/\/wp.me\/pabfdt-1Gk","_links":{"self":[{"href":"http:\/\/joelgirauddepute.fr\/index.php\/wp-json\/wp\/v2\/posts\/6468","targetHints":{"allow":["GET"]}}],"collection":[{"href":"http:\/\/joelgirauddepute.fr\/index.php\/wp-json\/wp\/v2\/posts"}],"about":[{"href":"http:\/\/joelgirauddepute.fr\/index.php\/wp-json\/wp\/v2\/types\/post"}],"author":[{"embeddable":true,"href":"http:\/\/joelgirauddepute.fr\/index.php\/wp-json\/wp\/v2\/users\/1"}],"replies":[{"embeddable":true,"href":"http:\/\/joelgirauddepute.fr\/index.php\/wp-json\/wp\/v2\/comments?post=6468"}],"version-history":[{"count":1,"href":"http:\/\/joelgirauddepute.fr\/index.php\/wp-json\/wp\/v2\/posts\/6468\/revisions"}],"predecessor-version":[{"id":6470,"href":"http:\/\/joelgirauddepute.fr\/index.php\/wp-json\/wp\/v2\/posts\/6468\/revisions\/6470"}],"wp:featuredmedia":[{"embeddable":true,"href":"http:\/\/joelgirauddepute.fr\/index.php\/wp-json\/wp\/v2\/media\/6469"}],"wp:attachment":[{"href":"http:\/\/joelgirauddepute.fr\/index.php\/wp-json\/wp\/v2\/media?parent=6468"}],"wp:term":[{"taxonomy":"category","embeddable":true,"href":"http:\/\/joelgirauddepute.fr\/index.php\/wp-json\/wp\/v2\/categories?post=6468"},{"taxonomy":"post_tag","embeddable":true,"href":"http:\/\/joelgirauddepute.fr\/index.php\/wp-json\/wp\/v2\/tags?post=6468"}],"curies":[{"name":"wp","href":"https:\/\/api.w.org\/{rel}","templated":true}]}}