{"id":6379,"date":"2020-06-18T14:11:42","date_gmt":"2020-06-18T12:11:42","guid":{"rendered":"http:\/\/joelgirauddepute.fr\/?p=6379"},"modified":"2020-06-21T11:00:00","modified_gmt":"2020-06-21T09:00:00","slug":"les-deputes-larem-votent-la-revalorisation-des-pensions-de-retraite-agricoles","status":"publish","type":"post","link":"http:\/\/joelgirauddepute.fr\/index.php\/2020\/06\/18\/les-deputes-larem-votent-la-revalorisation-des-pensions-de-retraite-agricoles\/","title":{"rendered":"Les d\u00e9put\u00e9s LaREM votent la revalorisation des pensions de retraite agricoles"},"content":{"rendered":"\n<p>Nous nous y \u00e9tions engag\u00e9s : nous portons le seuil\nminimal de retraite \u00e0 85% du SMIC, soit 1025\u20ac nets mensuels, pour l\u2019ensemble\ndes agriculteurs retrait\u00e9s, pr\u00e9sents et futurs. Nous saluons cette avanc\u00e9e\nsociale qui am\u00e9liorera le quotidien des agriculteurs, et qui \u00e9tait attendue de\nlongue date.<\/p>\n\n\n\n<p><strong>Nous mettons fin \u00e0 une in\u00e9galit\u00e9 qui frappe le monde\nrural.<\/strong><\/p>\n\n\n\n<p>-Les retrait\u00e9s agricoles font partie de ceux qui ont les\npensions les plus faibles. Aujourd\u2019hui, les deux tiers des agriculteurs qui partent\nen retraite ont une pension inf\u00e9rieure \u00e0 1 000 \u20ac.&nbsp; Nous r\u00e9parons ainsi une\ninjustice et renouvelons notre reconnaissance envers les acteurs du monde\nagricole, dont le r\u00f4le est essentiel.<\/p>\n\n\n\n<p><strong>Nous portons les retraites agricoles \u00e0 un minimum de\n85% du SMIC.<\/strong><\/p>\n\n\n\n<p>-Le monde agricole a souvent \u00e9t\u00e9 oubli\u00e9 par les r\u00e9formes\nsociales men\u00e9es sous les majorit\u00e9s pr\u00e9c\u00e9dentes. Depuis le d\u00e9but du quinquennat,\nles d\u00e9put\u00e9s LaREM portent des mesures concr\u00e8tes pour am\u00e9liorer leur niveau de\npension. En voici une nouvelle illustration. C\u2019est aujourd&rsquo;hui un engagement\ntenu gr\u00e2ce au vote de l\u2019amendement de la majorit\u00e9 \u00e9largie (LREM, MoDeM, Agir\nEnsemble), qui porte le seuil minimal \u00e0 1025\u20ac nets mensuels, pour tous les\nagriculteurs retrait\u00e9s.<\/p>\n\n\n\n<p>&#8211; La PPL port\u00e9e par GDR proposait un dispositif\ninsuffisant, puisque le texte reproduisait le r\u00e9gime actuel sans en corriger\nles in\u00e9galit\u00e9s et ne proposait pas de solution consensuelle sur le financement.\nNous avons donc de mani\u00e8re collective, consensuelle et responsable am\u00e9lior\u00e9 le\ndispositif et garanti son financement.<\/p>\n\n\n\n<p>-Outre l&rsquo;augmentation des pensions, nous avons subordonn\u00e9\nle b\u00e9n\u00e9fice du compl\u00e9ment de retraite agricole \u00e0 l\u2019ensemble des droits \u00e0\nretraite et pr\u00e9vu, mus par une exigence de justice sociale, un \u00e9cr\u00eatement en\nfonction du montant de retraite de tous les r\u00e9gimes afin d\u2019assurer une \u00e9quit\u00e9\nentre assur\u00e9s monopensionn\u00e9s et polypensionn\u00e9s.<\/p>\n\n\n\n<p>Les d\u00e9put\u00e9s LaREM sont engag\u00e9s pour mieux prot\u00e9ger les\nagriculteurs et lutter contre les in\u00e9galit\u00e9s sociales. Nous l\u2019avons toujours\naffirm\u00e9 et soutenu : l\u2019harmonisation des r\u00e9gimes et la p\u00e9rennisation du r\u00e9gime\nfinanci\u00e8rement demeurent des objectifs<\/p>\n\n\n\n<p><strong>Co-signataire des amendements qui ont permis cette avanc\u00e9e majeure, le d\u00e9put\u00e9 des Hautes-Alpes Jo\u00ebl Giraud salue ce vote historique<\/strong><\/p>\n\n\n\n<p>Lu  sur Alpes 1 : <a href=\"http:\/\/alpesdusud.alpes1.com\/news\/hautes-alpes\/83324\/agriculture-les-deputes-votent-la-revalorisation-des-pensions-de-retraite-agricoles\" target=\"_blank\" rel=\"noreferrer noopener\" aria-label=\" (s\u2019ouvre dans un nouvel onglet)\">http:\/\/alpesdusud.alpes1.com\/news\/hautes-alpes\/83324\/agriculture-les-deputes-votent-la-revalorisation-des-pensions-de-retraite-agricoles<\/a><\/p>\n","protected":false},"excerpt":{"rendered":"<div class=\"mh-excerpt\"><p>Nous nous y \u00e9tions engag\u00e9s : nous portons le seuil minimal de retraite \u00e0 85% du SMIC, soit 1025\u20ac nets mensuels, pour l\u2019ensemble des agriculteurs <a class=\"mh-excerpt-more\" href=\"http:\/\/joelgirauddepute.fr\/index.php\/2020\/06\/18\/les-deputes-larem-votent-la-revalorisation-des-pensions-de-retraite-agricoles\/\" title=\"Les d\u00e9put\u00e9s LaREM votent la revalorisation des pensions de retraite agricoles\">[&#8230;]<\/a><\/p>\n<\/div>","protected":false},"author":1,"featured_media":6310,"comment_status":"open","ping_status":"open","sticky":false,"template":"","format":"standard","meta":{"footnotes":""},"categories":[23,4,6,37,43],"tags":[],"class_list":["post-6379","post","type-post","status-publish","format-standard","has-post-thumbnail","hentry","category-agriculture","category-circo","category-communiques","category-economie","category-hautes-alpes"],"jetpack_featured_media_url":"http:\/\/joelgirauddepute.fr\/wp-content\/uploads\/2020\/06\/filiere-agriculture.jpg","jetpack_sharing_enabled":true,"jetpack_shortlink":"https:\/\/wp.me\/pabfdt-1ET","_links":{"self":[{"href":"http:\/\/joelgirauddepute.fr\/index.php\/wp-json\/wp\/v2\/posts\/6379","targetHints":{"allow":["GET"]}}],"collection":[{"href":"http:\/\/joelgirauddepute.fr\/index.php\/wp-json\/wp\/v2\/posts"}],"about":[{"href":"http:\/\/joelgirauddepute.fr\/index.php\/wp-json\/wp\/v2\/types\/post"}],"author":[{"embeddable":true,"href":"http:\/\/joelgirauddepute.fr\/index.php\/wp-json\/wp\/v2\/users\/1"}],"replies":[{"embeddable":true,"href":"http:\/\/joelgirauddepute.fr\/index.php\/wp-json\/wp\/v2\/comments?post=6379"}],"version-history":[{"count":2,"href":"http:\/\/joelgirauddepute.fr\/index.php\/wp-json\/wp\/v2\/posts\/6379\/revisions"}],"predecessor-version":[{"id":6394,"href":"http:\/\/joelgirauddepute.fr\/index.php\/wp-json\/wp\/v2\/posts\/6379\/revisions\/6394"}],"wp:featuredmedia":[{"embeddable":true,"href":"http:\/\/joelgirauddepute.fr\/index.php\/wp-json\/wp\/v2\/media\/6310"}],"wp:attachment":[{"href":"http:\/\/joelgirauddepute.fr\/index.php\/wp-json\/wp\/v2\/media?parent=6379"}],"wp:term":[{"taxonomy":"category","embeddable":true,"href":"http:\/\/joelgirauddepute.fr\/index.php\/wp-json\/wp\/v2\/categories?post=6379"},{"taxonomy":"post_tag","embeddable":true,"href":"http:\/\/joelgirauddepute.fr\/index.php\/wp-json\/wp\/v2\/tags?post=6379"}],"curies":[{"name":"wp","href":"https:\/\/api.w.org\/{rel}","templated":true}]}}