{"id":6121,"date":"2020-05-12T19:07:48","date_gmt":"2020-05-12T17:07:48","guid":{"rendered":"http:\/\/joelgirauddepute.fr\/?p=6121"},"modified":"2020-05-12T19:07:54","modified_gmt":"2020-05-12T17:07:54","slug":"offrir-une-partie-de-ses-conges-payes-a-nos-soignants","status":"publish","type":"post","link":"http:\/\/joelgirauddepute.fr\/index.php\/2020\/05\/12\/offrir-une-partie-de-ses-conges-payes-a-nos-soignants\/","title":{"rendered":"Offrir une partie de ses cong\u00e9s pay\u00e9s \u00e0 nos soignants"},"content":{"rendered":"\n<p>Avec 100 D\u00e9put\u00e9(e)s de la majorit\u00e9, j\u2019ai tenu \u00e0\nsoutenir une proposition innovante pour exprimer une nouvelle fois notre\nsolidarit\u00e9 avec nos soignants.&nbsp;<\/p>\n\n\n\n<p>Nous sommes tous reconnaissants et admiratifs du\nd\u00e9vouement et du courage dont font preuve ces femmes et ces hommes qui\ncomposent le monde soignant aupr\u00e8s des malades, de leurs familles et de nos\nain\u00e9s. Notre syst\u00e8me de sant\u00e9 tient, car nos soignants tiennent bons. Ils se\nsont adapt\u00e9s avec r\u00e9activit\u00e9 et agilit\u00e9 dans des conditions difficiles, faisant\nhonneur \u00e0 leur vocation.<\/p>\n\n\n\n<p>Demain, le grand plan Sant\u00e9 que pr\u00e9pare le Gouvernement\ndevra \u00eatre une r\u00e9ponse forte pour r\u00e9nover de fonds en combles notre syst\u00e8me de\nsant\u00e9 car il s&rsquo;agit des int\u00e9r\u00eats vitaux de la France. Mais sans attendre, nous\ndevons aussi entendre les applaudissements solidaires que les Fran\u00e7ais\nadressent depuis leurs fen\u00eatres. Cette reconnaissance qu\u2019ils expriment est\naussi la volont\u00e9 pour un grand nombre de vouloir agir directement pour aider\ndavantage. Notre devoir est d\u2019interpr\u00e9ter cette fraternit\u00e9 qui s\u2019exprime et de\nlui donner forme.&nbsp;<\/p>\n\n\n\n<p><strong>Nous souhaitons donc\noffrir la possibilit\u00e9, pour les salari\u00e9s qui le veulent, dans le public comme\ndans le priv\u00e9, de faire don d\u2019une partie de leur cong\u00e9s pay\u00e9s ou RTT au\nb\u00e9n\u00e9fice de ceux qui luttent directement contre le covid-19.&nbsp;<\/strong><\/p>\n\n\n\n<p>Ce dispositif n\u2019est pas une charge suppl\u00e9mentaire pour\nl\u2019\u00c9tat ni pour les entreprises, car ces cong\u00e9s sont d\u00e9j\u00e0 provisionn\u00e9s. Ces\njours de cong\u00e9s ainsi r\u00e9cup\u00e9r\u00e9s, uniquement sur acte de volontariat,\nconstituent une somme qui serait redistribu\u00e9e sous forme de ch\u00e8que vacances\npour le personnel soignant.&nbsp;<\/p>\n\n\n\n<p>Gr\u00e2ce \u00e0 cette solidarit\u00e9 r\u00e9invent\u00e9e, nous permettrons\naux soignants, lorsqu\u2019ils pourront prendre quelques jours de cong\u00e9s bien\nm\u00e9rit\u00e9s, de profiter de bons moments suppl\u00e9mentaires partag\u00e9s en famille, dans\ndes restaurants, des h\u00f4tels, des mus\u00e9es, des parcs de loisirs et tant d\u2019autres\nchoses&#8230; \u00c0 titre indicatif, si chacun des 23 millions de salari\u00e9s en France\ndonnait juste un jour de cong\u00e9 ou RTT, cela \u00e9quivaudrait \u00e0 pr\u00e8s de 2 milliards\nd\u2019euros \u00e0 d\u00e9penser dans notre \u00e9conomie locale et nationale, en particulier dans\nle secteur touristique.&nbsp;<\/p>\n\n\n\n<p>Il y a trois semaines, mes coll\u00e8gues de la majorit\u00e9 et moi-m\u00eame avons adress\u00e9 un courrier en ce sens \u00e0 madame la Ministre du Travail, Muriel P\u00e9nicaud, pour d\u00e9fendre cette id\u00e9e. Mardi 12 mai, le D\u00e9put\u00e9 du Calvados, Christophe Blanchet a port\u00e9 cette proposition dans l\u2019h\u00e9micycle en interrogeant directement le Gouvernement. Et la r\u00e9ponse fut claire\u00a0: Muriel P\u00e9nicaud soutient pleinement cette initiative int\u00e9ressante qui permettrait de jouer collectif non seulement avec les acteurs de la sant\u00e9 mais aussi du tourisme et s\u2019engage \u00e0 en travailler les modalit\u00e9s d\u2019application.<\/p>\n","protected":false},"excerpt":{"rendered":"<div class=\"mh-excerpt\"><p>Avec 100 D\u00e9put\u00e9(e)s de la majorit\u00e9, j\u2019ai tenu \u00e0 soutenir une proposition innovante pour exprimer une nouvelle fois notre solidarit\u00e9 avec nos soignants.&nbsp; Nous sommes <a class=\"mh-excerpt-more\" href=\"http:\/\/joelgirauddepute.fr\/index.php\/2020\/05\/12\/offrir-une-partie-de-ses-conges-payes-a-nos-soignants\/\" title=\"Offrir une partie de ses cong\u00e9s pay\u00e9s \u00e0 nos soignants\">[&#8230;]<\/a><\/p>\n<\/div>","protected":false},"author":1,"featured_media":6120,"comment_status":"open","ping_status":"open","sticky":false,"template":"","format":"standard","meta":{"footnotes":""},"categories":[1],"tags":[],"class_list":["post-6121","post","type-post","status-publish","format-standard","has-post-thumbnail","hentry","category-non-classe"],"jetpack_featured_media_url":"http:\/\/joelgirauddepute.fr\/wp-content\/uploads\/2020\/05\/0602974276113-web-tete.jpg","jetpack_sharing_enabled":true,"jetpack_shortlink":"https:\/\/wp.me\/pabfdt-1AJ","_links":{"self":[{"href":"http:\/\/joelgirauddepute.fr\/index.php\/wp-json\/wp\/v2\/posts\/6121","targetHints":{"allow":["GET"]}}],"collection":[{"href":"http:\/\/joelgirauddepute.fr\/index.php\/wp-json\/wp\/v2\/posts"}],"about":[{"href":"http:\/\/joelgirauddepute.fr\/index.php\/wp-json\/wp\/v2\/types\/post"}],"author":[{"embeddable":true,"href":"http:\/\/joelgirauddepute.fr\/index.php\/wp-json\/wp\/v2\/users\/1"}],"replies":[{"embeddable":true,"href":"http:\/\/joelgirauddepute.fr\/index.php\/wp-json\/wp\/v2\/comments?post=6121"}],"version-history":[{"count":1,"href":"http:\/\/joelgirauddepute.fr\/index.php\/wp-json\/wp\/v2\/posts\/6121\/revisions"}],"predecessor-version":[{"id":6122,"href":"http:\/\/joelgirauddepute.fr\/index.php\/wp-json\/wp\/v2\/posts\/6121\/revisions\/6122"}],"wp:featuredmedia":[{"embeddable":true,"href":"http:\/\/joelgirauddepute.fr\/index.php\/wp-json\/wp\/v2\/media\/6120"}],"wp:attachment":[{"href":"http:\/\/joelgirauddepute.fr\/index.php\/wp-json\/wp\/v2\/media?parent=6121"}],"wp:term":[{"taxonomy":"category","embeddable":true,"href":"http:\/\/joelgirauddepute.fr\/index.php\/wp-json\/wp\/v2\/categories?post=6121"},{"taxonomy":"post_tag","embeddable":true,"href":"http:\/\/joelgirauddepute.fr\/index.php\/wp-json\/wp\/v2\/tags?post=6121"}],"curies":[{"name":"wp","href":"https:\/\/api.w.org\/{rel}","templated":true}]}}