{"id":5736,"date":"2020-03-26T10:58:11","date_gmt":"2020-03-26T09:58:11","guid":{"rendered":"http:\/\/joelgirauddepute.fr\/?p=5736"},"modified":"2020-03-26T10:58:16","modified_gmt":"2020-03-26T09:58:16","slug":"covid-19-le-fonds-de-solidarite-quelles-demarches-pour-quelles-entreprises","status":"publish","type":"post","link":"http:\/\/joelgirauddepute.fr\/index.php\/2020\/03\/26\/covid-19-le-fonds-de-solidarite-quelles-demarches-pour-quelles-entreprises\/","title":{"rendered":"Covid-19 &#8211; LE FONDS DE SOLIDARITE : quelles d\u00e9marches pour quelles entreprises?"},"content":{"rendered":"\n<p>L\u2019\u00c9tat a mis en place, avec les R\u00e9gions, un Fonds de solidarit\u00e9 dot\u00e9 d&rsquo;1 milliard d&rsquo;euros pour le mois de mars qui permettra le versement d&rsquo;une aide d\u00e9fiscalis\u00e9e aux plus petites entreprises, aux ind\u00e9pendants, aux micro-entrepreneurs et aux professions lib\u00e9rales touch\u00e9s par la crise du coronavirus.<\/p>\n\n\n\n<p>Le d\u00e9tail du dispositif ici : <a href=\"http:\/\/joelgirauddepute.fr\/wp-content\/uploads\/2020\/03\/DP-Fonds_de_solidarite.pdf\" target=\"_blank\" rel=\"noreferrer noopener\" aria-label=\" (s\u2019ouvre dans un nouvel onglet)\">http:\/\/joelgirauddepute.fr\/wp-content\/uploads\/2020\/03\/DP-Fonds_de_solidarite.pdf<\/a><\/p>\n","protected":false},"excerpt":{"rendered":"<div class=\"mh-excerpt\"><p>L\u2019\u00c9tat a mis en place, avec les R\u00e9gions, un Fonds de solidarit\u00e9 dot\u00e9 d&rsquo;1 milliard d&rsquo;euros pour le mois de mars qui permettra le versement <a class=\"mh-excerpt-more\" href=\"http:\/\/joelgirauddepute.fr\/index.php\/2020\/03\/26\/covid-19-le-fonds-de-solidarite-quelles-demarches-pour-quelles-entreprises\/\" title=\"Covid-19 &#8211; LE FONDS DE SOLIDARITE : quelles d\u00e9marches pour quelles entreprises?\">[&#8230;]<\/a><\/p>\n<\/div>","protected":false},"author":1,"featured_media":5737,"comment_status":"open","ping_status":"open","sticky":false,"template":"","format":"standard","meta":{"footnotes":""},"categories":[1],"tags":[],"class_list":["post-5736","post","type-post","status-publish","format-standard","has-post-thumbnail","hentry","category-non-classe"],"jetpack_featured_media_url":"http:\/\/joelgirauddepute.fr\/wp-content\/uploads\/2020\/03\/Capture-d\u2019e\u0301cran-2020-03-26-a\u0300-10.57.15.png","jetpack_sharing_enabled":true,"jetpack_shortlink":"https:\/\/wp.me\/pabfdt-1uw","_links":{"self":[{"href":"http:\/\/joelgirauddepute.fr\/index.php\/wp-json\/wp\/v2\/posts\/5736","targetHints":{"allow":["GET"]}}],"collection":[{"href":"http:\/\/joelgirauddepute.fr\/index.php\/wp-json\/wp\/v2\/posts"}],"about":[{"href":"http:\/\/joelgirauddepute.fr\/index.php\/wp-json\/wp\/v2\/types\/post"}],"author":[{"embeddable":true,"href":"http:\/\/joelgirauddepute.fr\/index.php\/wp-json\/wp\/v2\/users\/1"}],"replies":[{"embeddable":true,"href":"http:\/\/joelgirauddepute.fr\/index.php\/wp-json\/wp\/v2\/comments?post=5736"}],"version-history":[{"count":1,"href":"http:\/\/joelgirauddepute.fr\/index.php\/wp-json\/wp\/v2\/posts\/5736\/revisions"}],"predecessor-version":[{"id":5738,"href":"http:\/\/joelgirauddepute.fr\/index.php\/wp-json\/wp\/v2\/posts\/5736\/revisions\/5738"}],"wp:featuredmedia":[{"embeddable":true,"href":"http:\/\/joelgirauddepute.fr\/index.php\/wp-json\/wp\/v2\/media\/5737"}],"wp:attachment":[{"href":"http:\/\/joelgirauddepute.fr\/index.php\/wp-json\/wp\/v2\/media?parent=5736"}],"wp:term":[{"taxonomy":"category","embeddable":true,"href":"http:\/\/joelgirauddepute.fr\/index.php\/wp-json\/wp\/v2\/categories?post=5736"},{"taxonomy":"post_tag","embeddable":true,"href":"http:\/\/joelgirauddepute.fr\/index.php\/wp-json\/wp\/v2\/tags?post=5736"}],"curies":[{"name":"wp","href":"https:\/\/api.w.org\/{rel}","templated":true}]}}