{"id":5732,"date":"2020-03-22T18:50:43","date_gmt":"2020-03-22T17:50:43","guid":{"rendered":"http:\/\/joelgirauddepute.fr\/?p=5732"},"modified":"2020-03-22T18:50:50","modified_gmt":"2020-03-22T17:50:50","slug":"franceinfo-le-gouvernement-actuel-nest-pas-responsable-de-lappauvrissement-du-stock-de-masques-affirme-roselyne-bachelot","status":"publish","type":"post","link":"http:\/\/joelgirauddepute.fr\/index.php\/2020\/03\/22\/franceinfo-le-gouvernement-actuel-nest-pas-responsable-de-lappauvrissement-du-stock-de-masques-affirme-roselyne-bachelot\/","title":{"rendered":"(Franceinfo) \u00ab\u00a0Le gouvernement actuel n&rsquo;est pas responsable de l&rsquo;appauvrissement du stock de masques\u00a0\u00bb, affirme Roselyne Bachelot"},"content":{"rendered":"\n<p>L&rsquo;ancienne\n ministre de la Sant\u00e9 estime que \u00ab\u00a0l&rsquo;\u00c9tat fait le maximum\u00a0\u00bb pour lutter \ncontre l&rsquo;\u00e9pid\u00e9mie de coronavirus, mais s&rsquo;avoue \u00ab\u00a0perplexe\u00a0\u00bb devant un \nconfinement pas assez s\u00e9v\u00e8re \u00e0 son go\u00fbt.<\/p>\n\n\n\n<p> Mis \u00e0 jour le 22\/03\/2020 | 16:52<br>publi\u00e9 le 22\/03\/2020 |<\/p>\n\n\n\n<p>\u00ab\u00a0<em>Le gouvernement actuel n&rsquo;est pas responsable de l&rsquo;appauvrissement du stock de masques<\/em>\u00ab\u00a0,\n a affirm\u00e9 ce dimanche sur franceinfo Roselyne Bachelot, ancienne \nministre de la Sant\u00e9. Celle qui avait \u00e9t\u00e9 accus\u00e9e d&rsquo;avoir surr\u00e9agi lors \nde l&rsquo;\u00e9pid\u00e9mie du H1N1 en 2010 fustige la d\u00e9cision de destruction d&rsquo;une \nbonne partie des stocks de masques. \u00ab\u00a0<em>Face \u00e0 des pand\u00e9mies, ce n&rsquo;est pas au moment o\u00f9 on en a le diagnostic complet qu&rsquo;il faut agir<\/em>\u00ab\u00a0, estime-t-elle.<\/p>\n\n\n\n<p><strong>franceinfo :&nbsp;Pensez-vous comme certains m\u00e9decins que la France n&rsquo;\u00e9tait pas assez pr\u00e9par\u00e9e pour cette pand\u00e9mie ?<\/strong><\/p>\n\n\n\n<p><strong>Roselyne Bachelot :\u00a0<\/strong>Face  \u00e0 un danger inconnu, face \u00e0 des pand\u00e9mies dont on ne sait pas si elles  vont \u00eatre graves ou pas, ce n&rsquo;est pas au moment o\u00f9 on en a le diagnostic  complet qu&rsquo;il faut agir. C&rsquo;est pour cela qu&rsquo;il faut constituer des  stocks de pr\u00e9caution et de pr\u00e9vention. On voit bien les difficult\u00e9s  d&rsquo;approvisionnement actuelles (\u2026) Dans une pand\u00e9mie mondiale, les  fournitures, que ce soit de m\u00e9dicaments, de mat\u00e9riel de pr\u00e9vention, de  vaccins, font l&rsquo;objet d&rsquo;une course, d&rsquo;une bagarre entre les diff\u00e9rents  pays. Donc, c&rsquo;est au moment o\u00f9 \u00e7a va bien qu&rsquo;il convient de constituer  des stocks. Vous savez, quand on dit des chiffres de 1 milliard de  masques chirurgicaux, 600, 700 millions de masques FFP2, on a  l&rsquo;impression que c&rsquo;est consid\u00e9rable. Mais il faut savoir qu&rsquo;il s&rsquo;agit  d&rsquo;armer trois millions de personnels m\u00e9dicaux et param\u00e9dicaux, des  services de s\u00e9curit\u00e9, des personnels qui sont charg\u00e9s d&rsquo;assurer  l&rsquo;approvisionnement des Fran\u00e7ais.<\/p>\n\n\n\n<p>250\n millions de masques doivent \u00eatre livr\u00e9s dans les prochains jours, des \ntests de prototypes sont annonc\u00e9s par le Premier ministre.&nbsp;Je crois que <a href=\"https:\/\/www.francetvinfo.fr\/sante\/maladie\/coronavirus\/coronavirus-nous-ne-sommes-pas-au-bout-de-ce-que-cette-epidemie-va-nous-faire-vivre-previent-emmanuel-macron_3879243.html\" target=\"_blank\" rel=\"noreferrer noopener\">l&rsquo;\u00c9tat fait le maximum<\/a>.\n Il est soumis \u00e0 un certain nombre de contraintes techniques. Les \nmasques, il faut les fabriquer bien entendu. Il faut relancer les \ncha\u00eenes de fabrication \u00e0 la fois \u00e0 l&rsquo;\u00e9tranger, et chez nous. Le \ngouvernement actuel n&rsquo;est pas responsable de l&rsquo;appauvrissement du stock \nde masques.<\/p>\n\n\n\n<p>Personnellement, je suis <a href=\"https:\/\/www.francetvinfo.fr\/sante\/maladie\/coronavirus\/nous-devons-faire-comme-les-chinois-un-arret-complet-du-pays-un-medecin-francais-expatrie-a-wuhan-juge-insuffisantes-les-mesures-prises-en-france_3879303.html\">pour le durcissement du confinement<\/a>  (\u2026) J&rsquo;avoue que l&rsquo;autorisation du jogging me laisse \u00e9minemment  perplexe. Et je pense que devant ce qui nous attend, la gravit\u00e9 de ce  qui nous attend, il faut rester au maximum chez soi.<\/p>\n\n\n\n<p><strong>En\n 2010, vous aviez \u00e9t\u00e9 critiqu\u00e9e quand vous aviez pris des mesures \nimportantes, notamment en commandant des stocks de vaccins pour faire \nface \u00e0 la grippe A. Aujourd&rsquo;hui, beaucoup font leur mea culpa, comment \nr\u00e9agissez-vous ?<\/strong><br><br>C&rsquo;est \u00e9videmment tr\u00e8s touchant, mais je\n ne veux pas surfer l\u00e0-dessus . On est dans une lutte commune, ce n&rsquo;est \npas l&rsquo;heure de r\u00e9gler des comptes, d&rsquo;\u00eatre saisi d&rsquo;une joie mauvaise. \nC&rsquo;est le moment de serrer les dents et de se serrer les coudes.<br><\/p>\n","protected":false},"excerpt":{"rendered":"<div class=\"mh-excerpt\"><p>L&rsquo;ancienne ministre de la Sant\u00e9 estime que \u00ab\u00a0l&rsquo;\u00c9tat fait le maximum\u00a0\u00bb pour lutter contre l&rsquo;\u00e9pid\u00e9mie de coronavirus, mais s&rsquo;avoue \u00ab\u00a0perplexe\u00a0\u00bb devant un confinement pas assez <a class=\"mh-excerpt-more\" href=\"http:\/\/joelgirauddepute.fr\/index.php\/2020\/03\/22\/franceinfo-le-gouvernement-actuel-nest-pas-responsable-de-lappauvrissement-du-stock-de-masques-affirme-roselyne-bachelot\/\" title=\"(Franceinfo) \u00ab\u00a0Le gouvernement actuel n&rsquo;est pas responsable de l&rsquo;appauvrissement du stock de masques\u00a0\u00bb, affirme Roselyne Bachelot\">[&#8230;]<\/a><\/p>\n<\/div>","protected":false},"author":1,"featured_media":5731,"comment_status":"open","ping_status":"open","sticky":false,"template":"","format":"standard","meta":{"footnotes":""},"categories":[1],"tags":[],"class_list":["post-5732","post","type-post","status-publish","format-standard","has-post-thumbnail","hentry","category-non-classe"],"jetpack_featured_media_url":"http:\/\/joelgirauddepute.fr\/wp-content\/uploads\/2020\/03\/Capture-d\u2019e\u0301cran-2020-03-22-a\u0300-18.44.22.png","jetpack_sharing_enabled":true,"jetpack_shortlink":"https:\/\/wp.me\/pabfdt-1us","_links":{"self":[{"href":"http:\/\/joelgirauddepute.fr\/index.php\/wp-json\/wp\/v2\/posts\/5732","targetHints":{"allow":["GET"]}}],"collection":[{"href":"http:\/\/joelgirauddepute.fr\/index.php\/wp-json\/wp\/v2\/posts"}],"about":[{"href":"http:\/\/joelgirauddepute.fr\/index.php\/wp-json\/wp\/v2\/types\/post"}],"author":[{"embeddable":true,"href":"http:\/\/joelgirauddepute.fr\/index.php\/wp-json\/wp\/v2\/users\/1"}],"replies":[{"embeddable":true,"href":"http:\/\/joelgirauddepute.fr\/index.php\/wp-json\/wp\/v2\/comments?post=5732"}],"version-history":[{"count":1,"href":"http:\/\/joelgirauddepute.fr\/index.php\/wp-json\/wp\/v2\/posts\/5732\/revisions"}],"predecessor-version":[{"id":5733,"href":"http:\/\/joelgirauddepute.fr\/index.php\/wp-json\/wp\/v2\/posts\/5732\/revisions\/5733"}],"wp:featuredmedia":[{"embeddable":true,"href":"http:\/\/joelgirauddepute.fr\/index.php\/wp-json\/wp\/v2\/media\/5731"}],"wp:attachment":[{"href":"http:\/\/joelgirauddepute.fr\/index.php\/wp-json\/wp\/v2\/media?parent=5732"}],"wp:term":[{"taxonomy":"category","embeddable":true,"href":"http:\/\/joelgirauddepute.fr\/index.php\/wp-json\/wp\/v2\/categories?post=5732"},{"taxonomy":"post_tag","embeddable":true,"href":"http:\/\/joelgirauddepute.fr\/index.php\/wp-json\/wp\/v2\/tags?post=5732"}],"curies":[{"name":"wp","href":"https:\/\/api.w.org\/{rel}","templated":true}]}}