{"id":5707,"date":"2020-03-19T17:11:03","date_gmt":"2020-03-19T16:11:03","guid":{"rendered":"http:\/\/joelgirauddepute.fr\/?p=5707"},"modified":"2020-03-19T17:11:10","modified_gmt":"2020-03-19T16:11:10","slug":"covid-19-agriculteurs-toutes-les-reponses-a-vos-questions","status":"publish","type":"post","link":"http:\/\/joelgirauddepute.fr\/index.php\/2020\/03\/19\/covid-19-agriculteurs-toutes-les-reponses-a-vos-questions\/","title":{"rendered":"COVID-19 &#8211; Agriculteurs : toutes les r\u00e9ponses \u00e0 vos questions"},"content":{"rendered":"\n<p>Le\n r\u00e9seau des Chambres d&rsquo;agriculture accompagne les agriculteurs au plus \npr\u00e8s dans la crise li\u00e9e au covid-19. L\u2019ensemble des collaborateurs et \ndes conseillers restent ainsi au travail et \u00e0 l\u2019\u00e9coute des agriculteurs,\n par mail ou par t\u00e9l\u00e9phone.<\/p>\n\n\n\n<p>N&rsquo;h\u00e9sitez pas \u00e0 contacter <a href=\"https:\/\/chambres-agriculture.fr\/chambres-dagriculture\/nous-connaitre\/lannuaire-des-chambres-dagriculture\/\">les conseillers de la Chambre d&rsquo;agriculture de votre d\u00e9partement<\/a>.<\/p>\n\n\n\n<h2 class=\"wp-block-heading\">Foire aux questions COVID-19 des Chambres d&rsquo;agriculture<\/h2>\n\n\n\n<h3 class=\"wp-block-heading\">\n\t\t\t\t1 &#8211; Les principales questions pos\u00e9es par les agriculteurs\n\t\t\t<\/h3>\n\n\n\n<p>Cette\n FAQ, r\u00e9alis\u00e9e par les Chambres d&rsquo;agriculture, r\u00e9pond aux principales \nquestions pos\u00e9es par les agriculteurs sur les impacts du COVID-19. Elle \nest mise \u00e0 jour r\u00e9guli\u00e8rement.<\/p>\n\n\n\n<p><strong><a href=\"https:\/\/chambres-agriculture.fr\/exploitation-agricole\/gerer-son-entreprise-agricole\/coronavirus\/#c1024529\">Questions g\u00e9n\u00e9rales<\/a><\/strong><\/p>\n\n\n\n<p><strong><a href=\"https:\/\/chambres-agriculture.fr\/exploitation-agricole\/gerer-son-entreprise-agricole\/coronavirus\/#c1024533\">Circuits courts, transformation &amp; vente \u00e0 la ferme<\/a><\/strong><\/p>\n\n\n\n<p><strong><a href=\"https:\/\/chambres-agriculture.fr\/exploitation-agricole\/gerer-son-entreprise-agricole\/coronavirus\/#c1024614\">Entreprise<\/a><\/strong><\/p>\n\n\n\n<p><strong><a href=\"https:\/\/chambres-agriculture.fr\/exploitation-agricole\/gerer-son-entreprise-agricole\/coronavirus\/#c1024660\">Elevage<\/a><\/strong><\/p>\n\n\n\n<p><strong><a href=\"https:\/\/chambres-agriculture.fr\/exploitation-agricole\/gerer-son-entreprise-agricole\/coronavirus\/#c1024736\">Environnement<\/a><\/strong><\/p>\n\n\n\n<p><strong><a href=\"https:\/\/chambres-agriculture.fr\/exploitation-agricole\/gerer-son-entreprise-agricole\/coronavirus\/#c1024751\">Politique agricole commune<\/a><\/strong><\/p>\n\n\n\n<h3 class=\"wp-block-heading\">\n\t\t\t\t2 &#8211; Toutes les r\u00e9ponses aux questions pos\u00e9es par les agriculteurs\n\t\t\t<\/h3>\n\n\n\n<p>Une FAQ plus d\u00e9taill\u00e9e est \u00e9galement accessible <a href=\"https:\/\/extranet-info-reglementaire.proagri.fr\/index.php\" target=\"_blank\" rel=\"noreferrer noopener\">sur l&rsquo;extranet PROAGRI Info r\u00e9glementaire<\/a>.<br> Cette FAQ est mise \u00e0 jour tous les jours.<\/p>\n\n\n\n<hr class=\"wp-block-separator\"\/>\n\n\n\n<h2 class=\"wp-block-heading\">Questions g\u00e9n\u00e9rales<\/h2>\n\n\n\n<h3 class=\"wp-block-heading\">\n\t\t\t\tLes conseillers des Chambres d&rsquo;agriculture peuvent-ils recevoir des clients dans les Chambres d&rsquo;agriculture ?\n\t\t\t<\/h3>\n\n\n\n<p>Non. Tous les \u00e9tablissements du r\u00e9seau sont ferm\u00e9s au public.<\/p>\n\n\n\n<h3 class=\"wp-block-heading\">\n\t\t\t\tLes conseillers peuvent-ils se d\u00e9placer sur les exploitations induisant un \u00e9change avec les agriculteurs ?\n\t\t\t<\/h3>\n\n\n\n<p>Oui, dans les conditions pr\u00e9vues par le d\u00e9cret du 16 mars.&nbsp;<\/p>\n\n\n\n<p>Le\n d\u00e9cret du 16 mars interdit jusqu&rsquo;au 31 mars 2020 le d\u00e9placement de \ntoute personne hors de son domicile, \u00e0 l&rsquo;execption de certains \nd\u00e9placements parmi lesquels les &nbsp;trajets entre le domicile et le lieu \nd&rsquo;exercice de l&rsquo;activit\u00e9 professionnelle, les d\u00e9placements \nprofessionnels insusceptibles d&rsquo;\u00eatre diff\u00e9r\u00e9s et les d\u00e9placements pour \neffectuer des achats de fournitures n\u00e9cessaires \u00e0 l&rsquo;activit\u00e9 \nprofessionnelle. Il convient ainsi de reporter tous les d\u00e9placements ne \nrelevant pas de l&rsquo;urgence, et pouvant \u00eatre d\u00e9cal\u00e9s de quelques \nsemaines.&nbsp;<\/p>\n\n\n\n<p>Les personnes \nsouhaitant b\u00e9n\u00e9ficier de l&rsquo;une de ces exceptions doivent se munir, lors \nde ces d\u00e9placements, d&rsquo;une attestation de d\u00e9placement d\u00e9rogatoire et \nd&rsquo;un justificatif de d\u00e9placement professionnel. (format papier : imprim\u00e9\n ou recopi\u00e9 sur papier libre &#8211; le format \u00e9lectronique n&rsquo;est plus \nautoris\u00e9)<\/p>\n\n\n\n<p>En outre, \nassurez-vous que les consignes de bio-s\u00e9curit\u00e9 soient rappel\u00e9es et \nrespect\u00e9es (lavage de main avant et apr\u00e8s, non contact, distance de \ns\u00e9curit\u00e9).<\/p>\n\n\n\n<p>Plus d&rsquo;informations : <a href=\"https:\/\/www.interieur.gouv.fr\/\" target=\"_blank\" rel=\"noreferrer noopener\">www.interieur.gouv.fr<\/a><\/p>\n\n\n\n<h3 class=\"wp-block-heading\">\n\t\t\t\tLes conseillers peuvent-ils se d\u00e9placer sur les exploitations pour \nr\u00e9aliser certains relev\u00e9s, sans contact avec l&rsquo;agriculteur ?\n\t\t\t<\/h3>\n\n\n\n<p>(par exemple pour assurer la surveillance sanitaire des cultures)<\/p>\n\n\n\n<p>Oui. <a href=\"https:\/\/chambres-agriculture.fr\/exploitation-agricole\/gerer-son-entreprise-agricole\/coronavirus\/#c1024530\">Voir question 2.<\/a>&nbsp;<\/p>\n\n\n\n<p>Dans\n la mesure o\u00f9 le d\u00e9placement ne peut \u00eatre report\u00e9 de quelques semaines, \nen remplissant l&rsquo;attestation de d\u00e9placement d\u00e9rogatoire et en \ns\u00e9lectionnant le motif : \u00ab\u00a0d\u00e9placements entre le domicile et le lieu \nd\u2019exercice de l\u2019activit\u00e9 professionnelle, lorsqu\u2019ils sont indispensables\n \u00e0 l\u2019exercice d\u2019activit\u00e9s ne pouvant \u00eatre organis\u00e9es sous forme de \nt\u00e9l\u00e9travail (sur justificatif permanent) ou d\u00e9placements professionnels \nne pouvant \u00eatre diff\u00e9r\u00e9s\u00a0\u00bb.&nbsp;<\/p>\n\n\n\n<p>Il faudra en outre respecter les \nconsignes de bio s\u00e9curit\u00e9 si une rencontre avec l&rsquo;agriculteur devait \narriver. En particulier mesures de distanciation et possibilit\u00e9 de se \nlaver les mains au savon (ou utilisation de gel hydroalcoolique) avant \nde se rendre sur l&rsquo;exploitation et en sortant.&nbsp;<\/p>\n\n\n\n<h3 class=\"wp-block-heading\">\n\t\t\t\tLes activit\u00e9s agricoles sont maintenues mais dans quelle mesure les \nagriculteurs pourront-ils s&rsquo;approvisionner en mat\u00e9riels, produits et \nautres fournitures n\u00e9cessaire \u00e0 leur activit\u00e9 ?\n\t\t\t<\/h3>\n\n\n\n<p><a href=\"https:\/\/chambres-agriculture.fr\/exploitation-agricole\/gerer-son-entreprise-agricole\/coronavirus\/#c1024530\">Voir question 2<\/a>.&nbsp;<\/p>\n\n\n\n<p>Depuis\n l&rsquo;arr\u00eat\u00e9 du 15 mars, la liste des activit\u00e9s autoris\u00e9es a \u00e9t\u00e9 \u00e9largie \naux fournisseurs des agriculteurs ainsi que l&rsquo;entretien et la r\u00e9paration\n des engins et mat\u00e9riels agricoles.&nbsp;<br> Les agriculteurs peuvent sortir\n pour s&rsquo;approvisionner en mat\u00e9riel, produits et autres fournitures \nindispensables au bon d\u00e9roulement de leur activit\u00e9 &nbsp;et de mani\u00e8re \nurgente (ne pouvant absolument pas \u00eatre diff\u00e9r\u00e9e de &nbsp;quelques semaines) \nen remplissant l&rsquo;attestation de d\u00e9placement d\u00e9rogatoire et en \ns\u00e9lectionnant le motif : \u00ab\u00a0d\u00e9placements entre le domicile et le lieu \nd\u2019exercice de l\u2019activit\u00e9 professionnelle, lorsqu\u2019ils sont indispensables\n \u00e0 l\u2019exercice d\u2019activit\u00e9s ne pouvant \u00eatre organis\u00e9es sous forme de \nt\u00e9l\u00e9travail (sur justificatif permanent) ou d\u00e9placements professionnels \nne pouvant \u00eatre diff\u00e9r\u00e9s\u00a0\u00bb.<\/p>\n\n\n\n<hr class=\"wp-block-separator\"\/>\n\n\n\n<h2 class=\"wp-block-heading\">Circuits courts, transformation &amp; vente \u00e0 la ferme<\/h2>\n\n\n\n<h3 class=\"wp-block-heading\">\n\t\t\t\tLe gouvernement autorise les services de livraison. Certains \nproducteurs souhaitent r\u00e9aliser des livraisons de produits alimentaires \u00e0\n leurs clients. Quel document doivent-ils avoir lors de leur \nd\u00e9placement? \n\t\t\t<\/h3>\n\n\n\n<p>Les\n personnes souhaitant b\u00e9n\u00e9ficier de l&rsquo;une de ces exceptions doivent se \nmunir, lors de ces d\u00e9placements, d&rsquo;une attestation de d\u00e9placement \nd\u00e9rogatoire et d&rsquo;un justificatif de d\u00e9placement professionnel. (format \npapier : imprim\u00e9 ou recopi\u00e9 sur papier libre &#8211; le format \u00e9lectronique \nn&rsquo;est plus autoris\u00e9)<\/p>\n\n\n\n<p>Le formulaire du gouvernement propose, dans \nla liste des d\u00e9placements autoris\u00e9s, le motif suivant &nbsp;: \u00ab\u00a0d\u00e9placements \nentre le domicile et le lieu d\u2019exercice de l\u2019activit\u00e9 professionnelle, \nlorsqu\u2019ils sont indispensables \u00e0 l\u2019exercice d\u2019activit\u00e9s ne pouvant \u00eatre \norganis\u00e9es sous forme de t\u00e9l\u00e9travail (sur justificatif permanent) ou \nd\u00e9placements professionnels ne pouvant \u00eatre diff\u00e9r\u00e9s\u00a0\u00bb<br> La livraison de produits alimentaires rentre dans ce champ.<br>\n Il convient dans ce cas d&rsquo;\u00e9viter tout contact avec le client : d\u00e9poser \nle colis au pas de la porte par ex. ; se laver les mains avant et apr\u00e8s \nla livraison; respectier dans tous les cas les mesures de \ndistanciation.&nbsp;<\/p>\n\n\n\n<h3 class=\"wp-block-heading\">\n\t\t\t\tSous quelles conditions les march\u00e9s alimentaires sont-ils maintenus&nbsp;?\n\t\t\t<\/h3>\n\n\n\n<p>Les\n march\u00e9s sont par principes ouverts. Y compris les Drives alimentaires. \nD\u00e8s lors que l&rsquo;ensemble des mesures de bios\u00e9curit\u00e9 sont respect\u00e9es. &nbsp;<br>\n Cependant, nous conseillons aux agriculteurs de joindre la mairie ou le\n placier pour se faire confirmer que le march\u00e9 se tient (d\u00e9cision \ncommunale de fermeture possible si l&rsquo;organisation du march\u00e9 ne permet de\n respecter les r\u00e8gles de protection).<br> La f\u00e9d\u00e9ration nationale des march\u00e9s de France a publi\u00e9 un communiqu\u00e9 dont nous vous encourageons \u00e0 prendre connaissance : <a href=\"http:\/\/www.marchesdefrance.fr\/actualites\/communique-de-lexecutif-federal-du-17-mars-2020\/\" target=\"_blank\" rel=\"noreferrer noopener\">http:\/\/www.marchesdefrance.fr\/actualites\/communique-de-lexecutif-federal-du-17-mars-2020\/<\/a><\/p>\n\n\n\n<h3 class=\"wp-block-heading\">\n\t\t\t\tY aura-t-il une indemnisation de pr\u00e9vue pour l&rsquo;annulation des \nactivit\u00e9s p\u00e9dagogiques et d&rsquo;accueil \u00e0 la ferme ? Si oui, sous quelle \nforme est-elle envisag\u00e9e ?\n\t\t\t<\/h3>\n\n\n\n<p>Les\n entreprises agricoles pourront b\u00e9n\u00e9ficier des m\u00eames dispositifs que \nceux ouverts \u00e0 l&rsquo;ensemble des entreprises. A ce jour, il n&rsquo;y a pas de \ndispositifs sp\u00e9cifiques.<\/p>\n\n\n\n<h3 class=\"wp-block-heading\">\n\t\t\t\tPeut-on avoir un manuel pr\u00e9cis pour les r\u00e8gles d&rsquo;hygi\u00e8ne et de \ndistanciation sociale \u00e0 observer pour la vente directe et les livraisons\n ?\n\t\t\t<\/h3>\n\n\n\n<p>Ces \u00e9l\u00e9ments sont disponibles sur le site du minist\u00e8re de l&rsquo;int\u00e9rieur et du minist\u00e8re de l&rsquo;agriculture.<br> Retrouvez les aussi sur le site de la Chambre d&rsquo;agriculture de Normandie : <a href=\"http:\/\/Ces\" target=\"_blank\" rel=\"noreferrer noopener\">https:\/\/normandie.chambres-agriculture.fr\/conseils-et-services\/gerer-son-exploitation\/coronavirus\/<\/a><\/p>\n\n\n\n<h3 class=\"wp-block-heading\">\n\t\t\t\tLes viticulteurs qui ont un caveau de vente de vin peuvent-ils rester ouverts?\n\t\t\t<\/h3>\n\n\n\n<p>Oui, au titre des commerces de d\u00e9tail de boissons en magasin sp\u00e9cialis\u00e9.<\/p>\n\n\n\n<h3 class=\"wp-block-heading\">\n\t\t\t\tUne petite laiterie travaille en circuits courts : les chambres \nd&rsquo;affinage sont pleines, il n&rsquo;y a plus de clients. Quelles sont les \nmesures d&rsquo;accompagnement pour cette entreprise et ses producteurs ?\n\t\t\t<\/h3>\n\n\n\n<p>L&rsquo;entreprise peut b\u00e9n\u00e9cifier de mesures de soutien telles que d\u00e9finies sur le site du Minist\u00e8re de l&rsquo;\u00e9conomie : <a href=\"https:\/\/www.economie.gouv.fr\/coronavirus-soutien-entreprises\" target=\"_blank\" rel=\"noreferrer noopener\">https:\/\/www.economie.gouv.fr\/coronavirus-soutien-entreprises<\/a><\/p>\n\n\n\n<h3 class=\"wp-block-heading\">\n\t\t\t\tEst ce que les clients peuvent venir chercher leur commande directement \u00e0 la ferme  ?\n\t\t\t<\/h3>\n\n\n\n<p>Oui,\n les activit\u00e9s de vente \u00e0 emporter et de livraison sont maintenues dans \nles restaurants et d\u00e9bits de boissons, avec la recommandation d&rsquo;\u00e9viter \ntout contact.<\/p>\n\n\n\n<p>Le client devra remplir, pour se d\u00e9placer, \nl&rsquo;attestation de d\u00e9placement d\u00e9rogatoire et en s\u00e9lectionnant le motif : \n\u00ab\u00a0d\u00e9placements &nbsp;pour &nbsp;effectuer &nbsp;des &nbsp;achats &nbsp;de &nbsp;premi\u00e8re &nbsp;n\u00e9cessit\u00e9 \n&nbsp;dans &nbsp;des &nbsp;\u00e9tablissements autoris\u00e9s\u00a0\u00bb. Il doit porter sur lui les \njustificatifs de d\u00e9placement, sous format papier uniquement.<\/p>\n\n\n\n<p>Il faudra en outre respecter les consignes de bio s\u00e9curit\u00e9 au moment de la vente.<\/p>\n\n\n\n<h3 class=\"wp-block-heading\">\n\t\t\t\tQuelle indemnisation est pr\u00e9vue pour les professionnels dont la \nproduction n&rsquo;a pu \u00eatre vendue car les march\u00e9s, salons et foires ont \u00e9t\u00e9 \nannul\u00e9s (produits frais et transform\u00e9s, horticulture&#8230;) ?\n\t\t\t<\/h3>\n\n\n\n<p>A ce jour, l&rsquo;entreprise peut b\u00e9n\u00e9cifier de mesures de soutien telles que d\u00e9finies sur le site du Minist\u00e8re de l&rsquo;\u00e9conomie : <a href=\"https:\/\/www.economie.gouv.fr\/coronavirus-soutien-entreprises\" target=\"_blank\" rel=\"noreferrer noopener\">https:\/\/www.economie.gouv.fr\/coronavirus-soutien-entreprises<\/a><\/p>\n\n\n\n<h3 class=\"wp-block-heading\">\n\t\t\t\tQuelles mesures de pr\u00e9vention respecter pour un distributeur automatique distribuant des produits alimentaires ? \n\t\t\t<\/h3>\n\n\n\n<p>Les agriculteurs sont en droit d&rsquo;approvisionner les distributeurs.&nbsp;<\/p>\n\n\n\n<p>Si\n possible, mettre \u00e0 disposition des usagers des lingettes desinfectantes\n \u00e0 c\u00f4t\u00e9 des zones de saisie (claviers\/manipulation des casiers) et \nafficher les r\u00e8gles de pr\u00e9vention imprim\u00e9es \u00e0 c\u00f4t\u00e9 des casiers : <a href=\"https:\/\/www.gouvernement.fr\/sites\/default\/files\/contenu\/piece-jointe\/2020\/03\/coronavirus_gestes_barierre_spf.pdf\" target=\"_blank\" rel=\"noreferrer noopener\">https:\/\/www.gouvernement.fr\/sites\/default\/files\/contenu\/piece-jointe\/2020\/03\/coronavirus_gestes_barierre_spf.pdf<\/a><\/p>\n\n\n\n<p>Si\n les agriculteurs jugent que leurs distributeurs ne sont pas apte \u00e0 \ngarantir les mesures de pr\u00e9vention n\u00e9cessaires, nous les invitons \u00e0 ne \nplus recourir \u00e0 ces interface de commercialisation.<\/p>\n\n\n\n<h3 class=\"wp-block-heading\">\n\t\t\t\tLes Drives fermiers font-ils partie des commerces alimentaires pouvant continuer \u00e0 fonctionner ?\n\t\t\t<\/h3>\n\n\n\n<p>Oui, les drives fermiers sont d\u00e9clar\u00e9s, du point de vue de la r\u00e9glementation sanitaire, comme un commerce de d\u00e9tail<br> Les mesures de pr\u00e9vention doivent \u00eatre appliqu\u00e9es lors de la livraison.<\/p>\n\n\n\n<h3 class=\"wp-block-heading\">\n\t\t\t\tLes AMAP sont-elles autoris\u00e9es \u00e0 fonctionner ? \n\t\t\t<\/h3>\n\n\n\n<p>Les\n march\u00e9s sont par principes ouverts. Les AMAP peuvent \u00eatre assimil\u00e9es \u00e0 \ndes march\u00e9s alimentaires et \u00e0 ce titre peuvent \u00eatre autoris\u00e9es.&nbsp;<\/p>\n\n\n\n<h3 class=\"wp-block-heading\">\n\t\t\t\tPour les march\u00e9s de plein vent qui se tiennent, les producteurs \nsont-ils oblig\u00e9s d&rsquo;avoir un terminal de CB pour paiement en sans contact\n ?\n\t\t\t<\/h3>\n\n\n\n<p>Non,\n le paiement par CB sans contact est recommand\u00e9 pour limiter le contact \ndirect entre personnes, mais ce n&rsquo;est pas une obligation r\u00e8glementaire.<\/p>\n\n\n\n<h3 class=\"wp-block-heading\">\n\t\t\t\tDans quel cadre la livraison est-elle autoris\u00e9e (alimentaire, non alimentaires) ?\n\t\t\t<\/h3>\n\n\n\n<p>Dans tous les cas, c&rsquo;est une activit\u00e9 professionnelle autoris\u00e9e.<\/p>\n\n\n\n<h3 class=\"wp-block-heading\">\n\t\t\t\tL&rsquo;attestation de d\u00e9placement d\u00e9rogatoire n&rsquo;inclut pas de notions de \ndistance parcourue, cela signifie-il que les livraisons alimentaires en \npoint de vente final peuvent continuer \u00e0 \u00eatre effectu\u00e9es sur de longues \ndistances ?\n\t\t\t<\/h3>\n\n\n\n<p>Oui.<\/p>\n\n\n\n<h3 class=\"wp-block-heading\">\n\t\t\t\tLes producteurs ont besoin de se fournir en mat\u00e9riel (vivant et non \nvivant) pour le fonctionnement de leur exploitation agricole. Comment \npeuvent-ils poursuivre leur activit\u00e9 ?\n\t\t\t<\/h3>\n\n\n\n<p>Voir <a href=\"https:\/\/chambres-agriculture.fr\/exploitation-agricole\/gerer-son-entreprise-agricole\/coronavirus\/#c1024617\">Question\n Pendant le confinement les agriculteurs pourront-ils continuer \u00e0 \ntravailler ? Et leurs salari\u00e9s ? Les prestataires de services ?<\/a><\/p>\n\n\n\n<h3 class=\"wp-block-heading\">\n\t\t\t\tQuelle gestion du personnel salari\u00e9 dans le cadre d&rsquo;un ralentissement ou arr\u00eat de l&rsquo;activit\u00e9 ? \n\t\t\t<\/h3>\n\n\n\n<p>Les salari\u00e9s peuvent b\u00e9n\u00e9ficier, par exemple, de ch\u00f4mage partiel.<\/p>\n\n\n\n<h3 class=\"wp-block-heading\">\n\t\t\t\tLe d\u00e9cret limitant l\u2019activit\u00e9 \u00e9conomique pr\u00e9voit-il des d\u00e9rogations \npour les fournisseurs de mat\u00e9riel de type emballage, contenant \nalimentaire ?\n\t\t\t<\/h3>\n\n\n\n<p>A ce jour, il est conseill\u00e9 de se r\u00e9f\u00e9rer au plan de continuit\u00e9 de l&rsquo;entreprise concern\u00e9.<\/p>\n\n\n\n<hr class=\"wp-block-separator\"\/>\n\n\n\n<h2 class=\"wp-block-heading\">Entreprise<\/h2>\n\n\n\n<h3 class=\"wp-block-heading\">\n\t\t\t\tPendant le confinement les agriculteurs pourront-ils continuer \u00e0 \ntravailler ? Et leurs salari\u00e9s ? Les prestataires de services ?\n\t\t\t<\/h3>\n\n\n\n<p>Oui,\n les agriculteurs pourront continuer \u00e0 travailler comme leurs salari\u00e9s, \nen respectant le d\u00e9cret du 16 mars (voir question 2) ainsi que les \nmesures \u00ab barri\u00e8res \u00bb, disponibles et actualis\u00e9es sur le site du \ngouvernement.&nbsp;<\/p>\n\n\n\n<p>Le respect de ces mesures est obligatoire. En cas \nde d\u00e9tection d&rsquo;un cas de Covid19, ce sont l&rsquo;ensemble des personnes ayant\n eu des liens \u00e9troits (c&rsquo;est-\u00e0-dire ayant eu des contacts \u00e0 moins d&rsquo;1 \n&nbsp;m\u00e8tre ou dans un espace clos au-del\u00e0 de 15 minutes) avec le cas \nconfirm\u00e9 qui devront \u00eatre en confinement. &nbsp;<\/p>\n\n\n\n<p>Plus d&rsquo;informations : <a href=\"https:\/\/www.interieur.gouv.fr\/\" target=\"_blank\" rel=\"noreferrer noopener\">www.interieur.gouv.fr<\/a><\/p>\n\n\n\n<h3 class=\"wp-block-heading\">\n\t\t\t\tPendant le confinement un service de permanence chez les m\u00e9caniciens\n agricole sera t&rsquo;il maintenu pour faire face aux petites pannes ?\n\t\t\t<\/h3>\n\n\n\n<p>Rien\n ne s&rsquo;y oppose. Ces derniers peuvent maintenir leur service aux \nagriculteurs, depuis le 15 mars, la liste des activit\u00e9s autoris\u00e9es a \u00e9t\u00e9\n \u00e9largie aux fournisseurs des agriculteurs ainsi que l&rsquo;entretien et la \nr\u00e9paration des engins et mat\u00e9riels agricoles.&nbsp;<\/p>\n\n\n\n<h3 class=\"wp-block-heading\">\n\t\t\t\tLes exploitations agricoles sont-elles \u00e9ligibles \u00e0 un report de charges, dans les m\u00eames conditions que les entreprises ?\n\t\t\t<\/h3>\n\n\n\n<p>Oui, dans les m\u00eames conditions que pour les autres entreprises.&nbsp; Plus d&rsquo;informations aupr\u00e8s de la MSA : <a href=\"https:\/\/www.msa.fr\/lfy\/accueil\" target=\"_blank\" rel=\"noreferrer noopener\">https:\/\/www.msa.fr\/<\/a><\/p>\n\n\n\n<h3 class=\"wp-block-heading\">\n\t\t\t\tQuelles indemnit\u00e9s sont pr\u00e9vues pour les commandes publiques annul\u00e9es (lyc\u00e9es, coll\u00e8ges\u2026) ?\n\t\t\t<\/h3>\n\n\n\n<p>Il\n n&rsquo;y a pas de r\u00e8gles g\u00e9n\u00e9rales \u00e0 ce stade, mais le projet de loi en \ncours devrait permettre des assouplissements et faire en sorte que les \nacheteurs publics soient compr\u00e9hensifs. L&rsquo;objectif du Gouvernement au \ntravers de l&rsquo;ensemble des mesures d&rsquo;accompagnement financier et \n\u00e9conomique li\u00e9es \u00e0 la crise du Covid19 est de pr\u00e9server les petites \nentreprises &#8211; et de fait, les exploitations agricoles.<\/p>\n\n\n\n<h3 class=\"wp-block-heading\">\n\t\t\t\tQuelles sont les mesures de soutien aux entreprises pour les soutenir face \u00e0 cette crise ?\n\t\t\t<\/h3>\n\n\n\n<p>Voici le lien vers la page d\u00e9di\u00e9e du minist\u00e8re en charge de l&rsquo;\u00e9conomie pour plus de pr\u00e9cisions : <a href=\"https:\/\/www.economie.gouv.fr\/coronavirus-soutien-entreprises#\" target=\"_blank\" rel=\"noreferrer noopener\">https:\/\/www.economie.gouv.fr\/coronavirus-soutien-entreprises#<\/a><\/p>\n\n\n\n<h3 class=\"wp-block-heading\">\n\t\t\t\tUn agriculteur peut-il faire des livraisons de paille \u00e0 des centres \u00e9questres ou \u00e0 d\u2019autres agriculteurs ?\n\t\t\t<\/h3>\n\n\n\n<p>Oui, pr\u00e9vues par le d\u00e9cret du 16 mars. <a href=\"https:\/\/chambres-agriculture.fr\/exploitation-agricole\/gerer-son-entreprise-agricole\/coronavirus\/#c1024530\">Voir question 2<\/a>.<br> Plus d&rsquo;informations : <a href=\"https:\/\/www.interieur.gouv.fr\/\" target=\"_blank\" rel=\"noreferrer noopener\">www.interieur.gouv.fr<\/a><\/p>\n\n\n\n<h3 class=\"wp-block-heading\">\n\t\t\t\tQuelles sont les limitations de circulation en agriculture&nbsp;?\n\t\t\t<\/h3>\n\n\n\n<p>Les agriculteurs pourront continuer \u00e0 travailler comme leurs salari\u00e9s, en respectant le d\u00e9cret du 16 mars. <a href=\"https:\/\/chambres-agriculture.fr\/exploitation-agricole\/gerer-son-entreprise-agricole\/coronavirus\/#c1024530\">Voir question 2.<\/a><br> Plus d&rsquo;informations :<a href=\"https:\/\/www.interieur.gouv.fr\/\" target=\"_blank\" rel=\"noreferrer noopener\"> www.interieur.gouv.fr<\/a><\/p>\n\n\n\n<h3 class=\"wp-block-heading\">\n\t\t\t\tUn paysagiste qui travaille seul en EURL peut-il travailler chez des particuliers ?\n\t\t\t<\/h3>\n\n\n\n<p>A\n ce jour, il n&rsquo;y a pas d&rsquo;interdiction des activit\u00e9s sur les chantiers de\n construction, ni dans les champs. D\u00e8s lors qu&rsquo;il ne peut d\u00e9caler, qu&rsquo;il\n juge cela n\u00e9cessaire au maintien de son activit\u00e9 \u00e9conomique, qu&rsquo;il \nprend les pr\u00e9cautions n\u00e9cessaires et qu&rsquo;il a les mat\u00e9riaux pour \ntravailler seul, il peut exercer son activit\u00e9 professionnelle.<\/p>\n\n\n\n<p>En prenant soin de compl\u00e9ter les documents cit\u00e9s <a href=\"https:\/\/chambres-agriculture.fr\/exploitation-agricole\/gerer-son-entreprise-agricole\/coronavirus\/#c1024530\">en question 2<\/a>.<\/p>\n\n\n\n<h3 class=\"wp-block-heading\">\n\t\t\t\tCertains agriculteurs ont recours \u00e0 la cueillette sauvage dans \nl&rsquo;exercice de leur activit\u00e9 professionnelle. Pourront-ils circuler \nlibrement ?\n\t\t\t<\/h3>\n\n\n\n<p>Oui, se r\u00e9f\u00e9rer \u00e0 la <a href=\"https:\/\/chambres-agriculture.fr\/exploitation-agricole\/gerer-son-entreprise-agricole\/coronavirus\/#c1024532\">question 4<\/a>.<\/p>\n\n\n\n<h3 class=\"wp-block-heading\">\n\t\t\t\tY a-t-il des syst\u00e8mes de garde pr\u00e9vues pour les enfants d&rsquo;agriculteurs ?\n\t\t\t<\/h3>\n\n\n\n<p>Ce n&rsquo;est pas pr\u00e9vu, \u00e0 ce jour, au niveau national. Des dispositions locales peuvent \u00eatre mises en place.<\/p>\n\n\n\n<hr class=\"wp-block-separator\"\/>\n\n\n\n<h2 class=\"wp-block-heading\">Elevage<\/h2>\n\n\n\n<h3 class=\"wp-block-heading\">\n\t\t\t\tDes abattoirs ferment suite aux restrictions du coronavirus. \nQu&rsquo;est-il pr\u00e9vu pour les \u00e9leveurs ne trouvant pas de solutions et devant\n garder leurs animaux ?\n\t\t\t<\/h3>\n\n\n\n<p>Les\n abattoirs comme les commer\u00e7ants ont enclench\u00e9 un plan de continuit\u00e9 de \nservice. Il faudra se r\u00e9f\u00e9rer au plan de continuit\u00e9 de l&rsquo;entreprise \nconcern\u00e9e.<\/p>\n\n\n\n<h3 class=\"wp-block-heading\">\n\t\t\t\tLa fermeture des fronti\u00e8res espagnoles stoppe-t-elle la vente de broutard et veau de 8 j vers l&rsquo;Espagne ?\n\t\t\t<\/h3>\n\n\n\n<p>Les \u00e9changes commerciaux ne sont pas concern\u00e9s par le confinement.<\/p>\n\n\n\n<h3 class=\"wp-block-heading\">\n\t\t\t\tY a-t-il des restriction pour la transhumance d&rsquo;animaux ?\n\t\t\t<\/h3>\n\n\n\n<p>Le confinement concerne les hommes pas les animaux.&nbsp;<\/p>\n\n\n\n<p>Il faudra veiller \u00e0 respecter l&rsquo;arr\u00eat\u00e9 du 16 mars (<a href=\"https:\/\/chambres-agriculture.fr\/exploitation-agricole\/gerer-son-entreprise-agricole\/coronavirus\/#c1024530\">voir question 2<\/a>) ainsi que &nbsp;les r\u00e8gles de bios\u00e9curit\u00e9 entre les personnes op\u00e9rant ces transports.<\/p>\n\n\n\n<h3 class=\"wp-block-heading\">\n\t\t\t\tQuel service minima des services EDE pour l&rsquo;IPG ?\n\t\t\t<\/h3>\n\n\n\n<p>Le\n service minimum implique enregistrement des notifications, \u00e9dition, \nimpression et exp\u00e9dition des passeports, enregistrement des commandes de\n boucles et transmission aux fabricants. Ces actes peuvent \u00eatre r\u00e9alis\u00e9s\n \u00e0 distance, de mani\u00e8re d\u00e9mat\u00e9rialis\u00e9e ou par la poste.<\/p>\n\n\n\n<h3 class=\"wp-block-heading\">\n\t\t\t\tLa transmission des passeports aux \u00e9leveurs comme les livraisons de \nboucles sont d\u00e9pendantes de la Poste, que se passe-t-il si la poste est \nd\u00e9faillante ?\n\t\t\t<\/h3>\n\n\n\n<p>La poste est une service public soumis \u00e0 continuit\u00e9 d&rsquo;activit\u00e9.<\/p>\n\n\n\n<h3 class=\"wp-block-heading\">\n\t\t\t\tLes fabricants de boucles d&rsquo;identification vont-ils continuer leur activit\u00e9 ?\n\t\t\t<\/h3>\n\n\n\n<p>Tous les fabricants ont mis en \u0153uvre un plan de continuit\u00e9 d&rsquo;activit\u00e9.<\/p>\n\n\n\n<hr class=\"wp-block-separator\"\/>\n\n\n\n<h2 class=\"wp-block-heading\">Environnement<\/h2>\n\n\n\n<h3 class=\"wp-block-heading\">\n\t\t\t\tUn agriculteur peut-il continuer \u00e0 appliquer ses traitements phytos, en bordure de lotissement ?\n\t\t\t<\/h3>\n\n\n\n<p>La r\u00e8glementation n&rsquo;a pas chang\u00e9 avec la mise en place du confinement.<\/p>\n\n\n\n<h3 class=\"wp-block-heading\">\n\t\t\t\tEst ce qu&rsquo;un report pour renouveler les Certiphyto va \u00eatre autoris\u00e9 pour les agriculteurs ?\n\t\t\t<\/h3>\n\n\n\n<p>Ma\n formation certiphyto a \u00e9t\u00e9 annul\u00e9e (mon certiphyto est p\u00e9rim\u00e9), comment\n vais-je pouvoir acheter des produits&nbsp;? Y aura t il&nbsp;&nbsp;une d\u00e9rogation ?&nbsp;<\/p>\n\n\n\n<p>Le\n Minist\u00e8re de l&rsquo;agriculture travaille \u00e0 la mise en place d&rsquo;un dispositif\n qui ne p\u00e9naliserait pas les agriculteurs qui d\u00e9passeraient leur date de\n fin de validit\u00e9 sans avoir pu r\u00e9aliser une formation \u00ab\u00a0renouvellement \ncertiphyto\u00a0\u00bb \/ \u00ab\u00a0formation labellis\u00e9e\u00a0\u00bb ou \u00ab\u00a0un test\u00a0\u00bb.<\/p>\n\n\n\n<h3 class=\"wp-block-heading\">\n\t\t\t\tL&rsquo;irrigation est indispensable pour assurer les productions \nagricoles. Les canaux gravitaires sont mis en eau en ce moment dans \ncertains d\u00e9partements.\n\t\t\t<\/h3>\n\n\n\n<p><strong>Les\n structures gestionnaires de r\u00e9seaux d&rsquo;irrigation (ex. ASA) leur ont \ndemand\u00e9 s&rsquo;ils doivent suspendre la mise en eau des r\u00e9seaux ?<\/strong><\/p>\n\n\n\n<p>Le\n service de l&rsquo;eau d&rsquo;irrigation est un service public qui doit \u00eatre \nmaintenu, dans le cadre du plan de continuit\u00e9 de service. La chambre \npeut adresser aux gestionnaires de r\u00e9seaux des attestations de \nd\u00e9placement d\u00e9rogatoires en cas de demande.<\/p>\n\n\n\n<h3 class=\"wp-block-heading\">\n\t\t\t\tPeut on r\u00e9aliser les contr\u00f4les des pulv\u00e9risateurs chez des \nconcessionnaires de mat\u00e9riels agricoles sous r\u00e9serve de respecter les \nconsignes de bio-s\u00e9curit\u00e9 ?\n\t\t\t<\/h3>\n\n\n\n<p>A priori, oui, dans les conditions pr\u00e9vues par le d\u00e9cret du 16 mars.&nbsp;<\/p>\n\n\n\n<p>En\n outre, il faut s&rsquo;assurer que les consignes de bio-s\u00e9curit\u00e9 sont \nrappel\u00e9es et respect\u00e9es (lavage de main avant et apr\u00e8s, non contact, \ndistance de s\u00e9curit\u00e9).<\/p>\n\n\n\n<hr class=\"wp-block-separator\"\/>\n\n\n\n<h2 class=\"wp-block-heading\">Politique agricole commune<\/h2>\n\n\n\n<h3 class=\"wp-block-heading\">\n\t\t\t\tLes d\u00e9clarations PAC doivent avoir lieu entre le 1er avril et le 15 mai. Y a-t-il un report de date ?\n\t\t\t<\/h3>\n\n\n\n<p>La\n Commission a annonc\u00e9 une extension des d\u00e9lais de d\u00e9claration PAC au 15 \njuin. La mise en \u0153uvre en France sera pr\u00e9cis\u00e9e \u00e0 l\u2019issue du Conseil des \nministres de l\u2019agriculture de lundi 23 mars. Dans tous les cas, la \nt\u00e9l\u00e9-d\u00e9claration n\u2019ouvre qu\u2019au 1er avril.&nbsp;<\/p>\n\n\n\n<h2 class=\"wp-block-heading\">Agriculteurs : toutes les r\u00e9ponses \u00e0 vos questions<\/h2>\n\n\n\n<p>Si vous ne trouvez pas la r\u00e9ponse \u00e0 votre question, une <a href=\"https:\/\/extranet-info-reglementaire.proagri.fr\/index.php\" target=\"_blank\" rel=\"noreferrer noopener\">foire aux questions plus d\u00e9taill\u00e9e est disponible sur l&rsquo;extranet PROAGRI Info r\u00e9gl\u00e9mentaire<\/a>. Cette FAQ est mise \u00e0 jour tous les jours.<\/p>\n","protected":false},"excerpt":{"rendered":"<div class=\"mh-excerpt\"><p>Le r\u00e9seau des Chambres d&rsquo;agriculture accompagne les agriculteurs au plus pr\u00e8s dans la crise li\u00e9e au covid-19. L\u2019ensemble des collaborateurs et des conseillers restent ainsi <a class=\"mh-excerpt-more\" href=\"http:\/\/joelgirauddepute.fr\/index.php\/2020\/03\/19\/covid-19-agriculteurs-toutes-les-reponses-a-vos-questions\/\" title=\"COVID-19 &#8211; Agriculteurs : toutes les r\u00e9ponses \u00e0 vos questions\">[&#8230;]<\/a><\/p>\n<\/div>","protected":false},"author":1,"featured_media":5706,"comment_status":"open","ping_status":"open","sticky":false,"template":"","format":"standard","meta":{"footnotes":""},"categories":[1],"tags":[],"class_list":["post-5707","post","type-post","status-publish","format-standard","has-post-thumbnail","hentry","category-non-classe"],"jetpack_featured_media_url":"http:\/\/joelgirauddepute.fr\/wp-content\/uploads\/2020\/03\/Capture-d\u2019e\u0301cran-2020-03-19-a\u0300-17.05.55.png","jetpack_sharing_enabled":true,"jetpack_shortlink":"https:\/\/wp.me\/pabfdt-1u3","_links":{"self":[{"href":"http:\/\/joelgirauddepute.fr\/index.php\/wp-json\/wp\/v2\/posts\/5707","targetHints":{"allow":["GET"]}}],"collection":[{"href":"http:\/\/joelgirauddepute.fr\/index.php\/wp-json\/wp\/v2\/posts"}],"about":[{"href":"http:\/\/joelgirauddepute.fr\/index.php\/wp-json\/wp\/v2\/types\/post"}],"author":[{"embeddable":true,"href":"http:\/\/joelgirauddepute.fr\/index.php\/wp-json\/wp\/v2\/users\/1"}],"replies":[{"embeddable":true,"href":"http:\/\/joelgirauddepute.fr\/index.php\/wp-json\/wp\/v2\/comments?post=5707"}],"version-history":[{"count":1,"href":"http:\/\/joelgirauddepute.fr\/index.php\/wp-json\/wp\/v2\/posts\/5707\/revisions"}],"predecessor-version":[{"id":5708,"href":"http:\/\/joelgirauddepute.fr\/index.php\/wp-json\/wp\/v2\/posts\/5707\/revisions\/5708"}],"wp:featuredmedia":[{"embeddable":true,"href":"http:\/\/joelgirauddepute.fr\/index.php\/wp-json\/wp\/v2\/media\/5706"}],"wp:attachment":[{"href":"http:\/\/joelgirauddepute.fr\/index.php\/wp-json\/wp\/v2\/media?parent=5707"}],"wp:term":[{"taxonomy":"category","embeddable":true,"href":"http:\/\/joelgirauddepute.fr\/index.php\/wp-json\/wp\/v2\/categories?post=5707"},{"taxonomy":"post_tag","embeddable":true,"href":"http:\/\/joelgirauddepute.fr\/index.php\/wp-json\/wp\/v2\/tags?post=5707"}],"curies":[{"name":"wp","href":"https:\/\/api.w.org\/{rel}","templated":true}]}}