{"id":5685,"date":"2020-03-05T11:56:28","date_gmt":"2020-03-05T10:56:28","guid":{"rendered":"http:\/\/joelgirauddepute.fr\/?p=5685"},"modified":"2020-03-05T11:56:35","modified_gmt":"2020-03-05T10:56:35","slug":"deuil-apres-le-deces-dun-enfant-le-senat-adopte-la-ppl-largement-enrichie-par-la-majorite","status":"publish","type":"post","link":"http:\/\/joelgirauddepute.fr\/index.php\/2020\/03\/05\/deuil-apres-le-deces-dun-enfant-le-senat-adopte-la-ppl-largement-enrichie-par-la-majorite\/","title":{"rendered":"Deuil apr\u00e8s le d\u00e9c\u00e8s d&rsquo;un enfant : le S\u00e9nat adopte la PPL largement enrichie par la majorit\u00e9"},"content":{"rendered":"\n<p>Le S\u00e9nat a adopt\u00e9 \u00e0 l&rsquo;unanimit\u00e9, mardi 3 mars en premi\u00e8re\nlecture, la proposition de loi sur l&rsquo;accompagnement des familles apr\u00e8s le d\u00e9c\u00e8s\nd&rsquo;un enfant, dont l\u2019examen en seconde lecture \u00e0 l\u2019Assembl\u00e9e est pr\u00e9vu le 7\navril prochain.&nbsp;<\/p>\n\n\n\n<p>Un texte qui a \u00e9t\u00e9 substantiellement enrichi par rapport \u00e0\nsa version initiale pr\u00e9sent\u00e9e le 30 janvier dernier en s\u00e9ance publique par\nl&rsquo;UDI, notamment par les amendements du groupe LaREM \u00e0 l&rsquo;Assembl\u00e9e lui\napportant de r\u00e9elles am\u00e9liorations, comme l&rsquo;augmentation du nombre de jours de\ncong\u00e9s par le biais de dons de RTT entre salari\u00e9s (dispositif maintenu au\nS\u00e9nat).<\/p>\n\n\n\n<p>Malgr\u00e9 l&rsquo;int\u00e9r\u00eat \u00e9vident de cette proposition de loi, la\nmajorit\u00e9 ne pouvait accepter que le sujet ne fasse pas l&rsquo;objet d&rsquo;une approche\nglobale&nbsp;et plus concert\u00e9e afin de prendre en compte le point de vue de\nl\u2019ensemble des parties concern\u00e9es pour am\u00e9liorer les droits d\u2019absence des\nsalari\u00e9s \u00e0 la suite du d\u00e9c\u00e8s d\u2019un enfant.<\/p>\n\n\n\n<p>D\u00e8s le 4 f\u00e9vrier, les d\u00e9put\u00e9s de la majorit\u00e9 ont travaill\u00e9 \u00e0 de nouvelles propositions avec les associations de parents et les partenaires sociaux, dans le cadre d&rsquo;une concertation minist\u00e9rielle pour faire avancer ce sujet pour lequel la solidarit\u00e9 nationale est essentielle.<\/p>\n\n\n\n<p>Le texte garantit ainsi aujourd\u2019hui de nouveaux droits et\nun accompagnement am\u00e9lior\u00e9 pour les familles endeuill\u00e9es&nbsp;:<\/p>\n\n\n\n<ol class=\"wp-block-list\"><li>Ces familles pourront\n     b\u00e9n\u00e9ficier d&rsquo;un <strong>cong\u00e9 de r\u00e9pit de 15 jours<\/strong>&nbsp;: en pratique, le\n     cong\u00e9 actuellement pr\u00e9vu par le Code du travail est port\u00e9 de 5 \u00e0 7 jours\n     et un cong\u00e9 de deuil de 8 jours suppl\u00e9mentaires, fractionnable, est cr\u00e9\u00e9.<\/li><li>Ce cong\u00e9 est <strong>pris en\n     charge, en partie, par la S\u00e9curit\u00e9 sociale.<\/strong><\/li><li>Ce cong\u00e9 est <strong>\u00e9tendu\n     aux travailleurs ind\u00e9pendants et aux agents de la fonction publique<\/strong>.<\/li><li>Il n&rsquo;est plus limit\u00e9 au\n     d\u00e9c\u00e8s d&rsquo;un enfant mineur : <strong>l&rsquo;\u00e2ge limite du jeune d\u00e9c\u00e9d\u00e9 est repouss\u00e9 \u00e0\n     25 ans.<\/strong><\/li><li>Un amendement du\n     gouvernement a ouvert \u00e9galement ce cong\u00e9 aux personnes qui assument la\n     charge effective et permanente d&rsquo;un jeune de moins de 25 ans afin de tenir\n     compte des cas de familles recompos\u00e9es.<\/li><li>Une mesure de protection\n     est introduite avec la <strong>suppression du d\u00e9lai de carence applicable au\n     1er arr\u00eat de travail pour maladie survenant pendant un d\u00e9lai de 13\n     semaines suivant le d\u00e9c\u00e8s de l\u2019enfant.<\/strong><\/li><li><strong>Les droits aux\n     prestations familiales sont maintenus jusqu&rsquo;\u00e0 3 mois apr\u00e8s le d\u00e9c\u00e8s d&rsquo;un\n     enfant <\/strong>(allocations\n     familiales et ses deux compl\u00e9ments, majoration pour \u00e2ge et allocation\n     forfaitaire, compl\u00e9ment familial, montant major\u00e9 du compl\u00e9ment familial,\n     allocation de soutien familial, allocation d\u2019\u00e9ducation de l\u2019enfant\n     handicap\u00e9, allocation de rentr\u00e9e scolaire).<\/li><li>&nbsp;Une <strong>allocation\n     forfaitaire pour frais d&rsquo;obs\u00e8ques sera d\u00e9sormais vers\u00e9e aux familles<\/strong>\n     en cas de d\u00e9c\u00e8s d&rsquo;un enfant \u00e0 charge (montant fix\u00e9 par d\u00e9cret).<\/li><li>Enfin, la nouvelle\n     version du texte introduit une <strong>exp\u00e9rimentation de prise en charge\n     psychologique des parents et de la fratrie<\/strong>.<\/li><\/ol>\n\n\n\n<p>Perdre un enfant est une trag\u00e9die. Aussi le d\u00e9put\u00e9 des\nHautes-Alpes Jo\u00ebl Giraud salue l&rsquo;esprit de co-construction, qui a pr\u00e9valu dans\nle travail men\u00e9 entre les d\u00e9put\u00e9s de la majorit\u00e9, le Gouvernement, les\nassociations de parents et les partenaires sociaux ainsi que le consensus\npolitique trouv\u00e9 au S\u00e9nat au service des familles endeuill\u00e9es.<\/p>\n","protected":false},"excerpt":{"rendered":"<div class=\"mh-excerpt\"><p>Le S\u00e9nat a adopt\u00e9 \u00e0 l&rsquo;unanimit\u00e9, mardi 3 mars en premi\u00e8re lecture, la proposition de loi sur l&rsquo;accompagnement des familles apr\u00e8s le d\u00e9c\u00e8s d&rsquo;un enfant, <a class=\"mh-excerpt-more\" href=\"http:\/\/joelgirauddepute.fr\/index.php\/2020\/03\/05\/deuil-apres-le-deces-dun-enfant-le-senat-adopte-la-ppl-largement-enrichie-par-la-majorite\/\" title=\"Deuil apr\u00e8s le d\u00e9c\u00e8s d&rsquo;un enfant : le S\u00e9nat adopte la PPL largement enrichie par la majorit\u00e9\">[&#8230;]<\/a><\/p>\n<\/div>","protected":false},"author":1,"featured_media":4913,"comment_status":"open","ping_status":"open","sticky":false,"template":"","format":"standard","meta":{"footnotes":""},"categories":[1],"tags":[],"class_list":["post-5685","post","type-post","status-publish","format-standard","has-post-thumbnail","hentry","category-non-classe"],"jetpack_featured_media_url":"http:\/\/joelgirauddepute.fr\/wp-content\/uploads\/2019\/09\/French-Parliament-Reu.jpg","jetpack_sharing_enabled":true,"jetpack_shortlink":"https:\/\/wp.me\/pabfdt-1tH","_links":{"self":[{"href":"http:\/\/joelgirauddepute.fr\/index.php\/wp-json\/wp\/v2\/posts\/5685","targetHints":{"allow":["GET"]}}],"collection":[{"href":"http:\/\/joelgirauddepute.fr\/index.php\/wp-json\/wp\/v2\/posts"}],"about":[{"href":"http:\/\/joelgirauddepute.fr\/index.php\/wp-json\/wp\/v2\/types\/post"}],"author":[{"embeddable":true,"href":"http:\/\/joelgirauddepute.fr\/index.php\/wp-json\/wp\/v2\/users\/1"}],"replies":[{"embeddable":true,"href":"http:\/\/joelgirauddepute.fr\/index.php\/wp-json\/wp\/v2\/comments?post=5685"}],"version-history":[{"count":2,"href":"http:\/\/joelgirauddepute.fr\/index.php\/wp-json\/wp\/v2\/posts\/5685\/revisions"}],"predecessor-version":[{"id":5687,"href":"http:\/\/joelgirauddepute.fr\/index.php\/wp-json\/wp\/v2\/posts\/5685\/revisions\/5687"}],"wp:featuredmedia":[{"embeddable":true,"href":"http:\/\/joelgirauddepute.fr\/index.php\/wp-json\/wp\/v2\/media\/4913"}],"wp:attachment":[{"href":"http:\/\/joelgirauddepute.fr\/index.php\/wp-json\/wp\/v2\/media?parent=5685"}],"wp:term":[{"taxonomy":"category","embeddable":true,"href":"http:\/\/joelgirauddepute.fr\/index.php\/wp-json\/wp\/v2\/categories?post=5685"},{"taxonomy":"post_tag","embeddable":true,"href":"http:\/\/joelgirauddepute.fr\/index.php\/wp-json\/wp\/v2\/tags?post=5685"}],"curies":[{"name":"wp","href":"https:\/\/api.w.org\/{rel}","templated":true}]}}