{"id":5658,"date":"2020-03-02T14:42:16","date_gmt":"2020-03-02T13:42:16","guid":{"rendered":"http:\/\/joelgirauddepute.fr\/?p=5658"},"modified":"2020-03-04T17:16:26","modified_gmt":"2020-03-04T16:16:26","slug":"remollon-inaugure-sa-maison-du-vigneron","status":"publish","type":"post","link":"http:\/\/joelgirauddepute.fr\/index.php\/2020\/03\/02\/remollon-inaugure-sa-maison-du-vigneron\/","title":{"rendered":"Remollon inaugure sa maison du vigneron"},"content":{"rendered":"\n<p>Le d\u00e9put\u00e9 Jo\u00ebl Giraud \u00e9tait pr\u00e9sent samedi 29 f\u00e9vrier \u00e0 l\u2019inauguration de la maison du vigneron de Remollon aux c\u00f4t\u00e9s du maire Bernard Allard  Latour, du Pr\u00e9sident du Conseil d\u00e9partemental Jean-Marie Bernard, de la  s\u00e9natrice Patricia Morhet-Richaud, de la Vice-Pr\u00e9sidente du Conseil  r\u00e9gional Eliane Bareille, de nombreux \u00e9lus locaux et de la Confr\u00e9rie des  vignerons des Hautes-Alpes. Un mus\u00e9e pour valoriser le patrimoine viticole et culturel et d\u00e9velopper l\u2019\u0153notourisme dont se r\u00e9jouit Jo\u00ebl  Giraud qui n\u2019a pas manqu\u00e9 de rappeler le rayonnement des vins de la vall\u00e9e de la Durance, pour lesquels le pass\u00e9 r\u00e9pond d\u00e9sormais de l&rsquo;avenir, gr\u00e2ce \u00e0 cet h\u00e9ritage voulu pour son ultime mandat de maire par son ami Bernard Allard Latour.<\/p>\n\n\n\n<figure class=\"wp-block-image size-large\"><img loading=\"lazy\" decoding=\"async\" width=\"498\" height=\"1024\" src=\"http:\/\/joelgirauddepute.fr\/wp-content\/uploads\/2020\/03\/1135085156461889598-498x1024.jpg\" alt=\"\" class=\"wp-image-5657\" srcset=\"http:\/\/joelgirauddepute.fr\/wp-content\/uploads\/2020\/03\/1135085156461889598-498x1024.jpg 498w, http:\/\/joelgirauddepute.fr\/wp-content\/uploads\/2020\/03\/1135085156461889598-146x300.jpg 146w, http:\/\/joelgirauddepute.fr\/wp-content\/uploads\/2020\/03\/1135085156461889598-768x1580.jpg 768w, http:\/\/joelgirauddepute.fr\/wp-content\/uploads\/2020\/03\/1135085156461889598-747x1536.jpg 747w, http:\/\/joelgirauddepute.fr\/wp-content\/uploads\/2020\/03\/1135085156461889598.jpg 980w\" sizes=\"auto, (max-width: 498px) 100vw, 498px\" \/><\/figure>\n\n\n\n<p>article du Dauphin\u00e9 Lib\u00e9r\u00e9 : <a rel=\"noreferrer noopener\" aria-label=\" (s\u2019ouvre dans un nouvel onglet)\" href=\"http:\/\/joelgirauddepute.fr\/wp-content\/uploads\/2020\/03\/Screenshot_2020-03-04-Edition-des-Hautes-Alpes-et-Alpes-de-Haute-Provence-mardi-3-mars-2020.png\" target=\"_blank\">http:\/\/joelgirauddepute.fr\/wp-content\/uploads\/2020\/03\/Screenshot_2020-03-04-Edition-des-Hautes-Alpes-et-Alpes-de-Haute-Provence-mardi-3-mars-2020.png<\/a><\/p>\n\n\n\n<p>article de DICI TV : <a rel=\"noreferrer noopener\" aria-label=\" (s\u2019ouvre dans un nouvel onglet)\" href=\"http:\/\/joelgirauddepute.fr\/wp-content\/uploads\/2020\/03\/Screenshot_2020-03-04-\u00e7a-y-est-le-d\u00e9partement-des-Hautes-Alpes-a-son-mus\u00e9e-des-vignerons-.png\" target=\"_blank\">http:\/\/joelgirauddepute.fr\/wp-content\/uploads\/2020\/03\/Screenshot_2020-03-04-\u00e7a-y-est-le-d\u00e9partement-des-Hautes-Alpes-a-son-mus\u00e9e-des-vignerons-.png<\/a><\/p>\n\n\n\n<figure class=\"wp-block-embed-vimeo wp-block-embed is-type-video is-provider-vimeo wp-embed-aspect-16-9 wp-has-aspect-ratio\"><div class=\"wp-block-embed__wrapper\">\n<div class=\"embed-vimeo\" style=\"text-align: center;\"><iframe loading=\"lazy\" src=\"https:\/\/player.vimeo.com\/video\/394666127\" width=\"600\" height=\"338\" frameborder=\"0\" webkitallowfullscreen mozallowfullscreen allowfullscreen><\/iframe><\/div>\n<\/div><\/figure>\n","protected":false},"excerpt":{"rendered":"<div class=\"mh-excerpt\"><p>Le d\u00e9put\u00e9 Jo\u00ebl Giraud \u00e9tait pr\u00e9sent samedi 29 f\u00e9vrier \u00e0 l\u2019inauguration de la maison du vigneron de Remollon aux c\u00f4t\u00e9s du maire Bernard Allard Latour, <a class=\"mh-excerpt-more\" href=\"http:\/\/joelgirauddepute.fr\/index.php\/2020\/03\/02\/remollon-inaugure-sa-maison-du-vigneron\/\" title=\"Remollon inaugure sa maison du vigneron\">[&#8230;]<\/a><\/p>\n<\/div>","protected":false},"author":1,"featured_media":5656,"comment_status":"open","ping_status":"open","sticky":false,"template":"","format":"standard","meta":{"footnotes":""},"categories":[1],"tags":[],"class_list":["post-5658","post","type-post","status-publish","format-standard","has-post-thumbnail","hentry","category-non-classe"],"jetpack_featured_media_url":"http:\/\/joelgirauddepute.fr\/wp-content\/uploads\/2020\/03\/450310484470118257.jpg","jetpack_sharing_enabled":true,"jetpack_shortlink":"https:\/\/wp.me\/pabfdt-1tg","_links":{"self":[{"href":"http:\/\/joelgirauddepute.fr\/index.php\/wp-json\/wp\/v2\/posts\/5658","targetHints":{"allow":["GET"]}}],"collection":[{"href":"http:\/\/joelgirauddepute.fr\/index.php\/wp-json\/wp\/v2\/posts"}],"about":[{"href":"http:\/\/joelgirauddepute.fr\/index.php\/wp-json\/wp\/v2\/types\/post"}],"author":[{"embeddable":true,"href":"http:\/\/joelgirauddepute.fr\/index.php\/wp-json\/wp\/v2\/users\/1"}],"replies":[{"embeddable":true,"href":"http:\/\/joelgirauddepute.fr\/index.php\/wp-json\/wp\/v2\/comments?post=5658"}],"version-history":[{"count":2,"href":"http:\/\/joelgirauddepute.fr\/index.php\/wp-json\/wp\/v2\/posts\/5658\/revisions"}],"predecessor-version":[{"id":5684,"href":"http:\/\/joelgirauddepute.fr\/index.php\/wp-json\/wp\/v2\/posts\/5658\/revisions\/5684"}],"wp:featuredmedia":[{"embeddable":true,"href":"http:\/\/joelgirauddepute.fr\/index.php\/wp-json\/wp\/v2\/media\/5656"}],"wp:attachment":[{"href":"http:\/\/joelgirauddepute.fr\/index.php\/wp-json\/wp\/v2\/media?parent=5658"}],"wp:term":[{"taxonomy":"category","embeddable":true,"href":"http:\/\/joelgirauddepute.fr\/index.php\/wp-json\/wp\/v2\/categories?post=5658"},{"taxonomy":"post_tag","embeddable":true,"href":"http:\/\/joelgirauddepute.fr\/index.php\/wp-json\/wp\/v2\/tags?post=5658"}],"curies":[{"name":"wp","href":"https:\/\/api.w.org\/{rel}","templated":true}]}}