{"id":5591,"date":"2020-02-19T16:09:13","date_gmt":"2020-02-19T15:09:13","guid":{"rendered":"http:\/\/joelgirauddepute.fr\/?p=5591"},"modified":"2020-02-20T09:06:50","modified_gmt":"2020-02-20T08:06:50","slug":"joel-giraud-persiste-et-signe-pour-recouvrer-la-taxe-sur-les-yachts","status":"publish","type":"post","link":"http:\/\/joelgirauddepute.fr\/index.php\/2020\/02\/19\/joel-giraud-persiste-et-signe-pour-recouvrer-la-taxe-sur-les-yachts\/","title":{"rendered":"Jo\u00ebl GIRAUD persiste et signe pour recouvrer la taxe sur les yachts"},"content":{"rendered":"\n<p>Le d\u00e9put\u00e9 Jo\u00ebl GIRAUD a\nquestionn\u00e9 ce jour lors de son audition en commission des finances le Directeur\ng\u00e9n\u00e9ral des finances publiques J\u00e9r\u00f4me FOURNEL sur les moyens envisag\u00e9s pour\nam\u00e9liorer le rendement des taxes portant sur les yacht, le transfert de la\ncomp\u00e9tence de leur recouvrement de la Direction g\u00e9n\u00e9rale des douanes et droits\nindirects (DGDDI) vers la DGFIP \u00e9tant pr\u00e9vu \u00e0 partir de 2021.<\/p>\n\n\n\n<p>Suite \u00e0 la cr\u00e9ation de l\u2019imp\u00f4t\nsur la fortune immobili\u00e8re (IFI), les d\u00e9put\u00e9s avaient vot\u00e9 dans la loi de\nfinances pour 2018 \u00e0 l\u2019initiative du Rapporteur g\u00e9n\u00e9ral du budget Jo\u00ebl Giraud\nl\u2019augmentation du bar\u00e8me du droit annuel de francisation et de navigation\n(DAFN) et du droit de passeport applicable aux grands navires de plaisance,\nsignes ext\u00e9rieurs de richesse exclus de l\u2019IFI.<\/p>\n\n\n\n<p>La faible collecte d\u2019un\nmontant d\u2019un peu plus de 85 000 \u20ac en juillet 2019, contre les 10 M \u20ac estim\u00e9s\ninitialement, et les r\u00e9ponses parcellaires apport\u00e9es dans le cadre des travaux\npour le rapport d\u2019\u00e9valuation de la loi fiscale (RALF) 2018 avaient conduit le\nrapporteur \u00e0 proc\u00e9der \u00e0 un contr\u00f4le sur place \u00e0 la DGDDI le 18 septembre 2019\nfaisant ressortir que le contr\u00f4le du droit de passeport, principale difficult\u00e9,\nn\u2019apparaissait pas comme la priorit\u00e9 de la DGDDI qui n\u2019avait au demeurant pas\nfait \u00e9voluer ses bases de donn\u00e9es depuis 2008. Et l&rsquo;ancien rapporteur de\nrappeler un \u00ab&nbsp;trou noir varois&nbsp;\u00bb o\u00f9 les ports am\u00e9nageant des quais\nd\u00e9di\u00e9s \u00e0 ces yachts n\u2019avaient pas \u00e9t\u00e9 contr\u00f4l\u00e9s depuis plusieurs ann\u00e9es, malgr\u00e9\nl\u2019existence de trois services de contr\u00f4le sous l\u2019autorit\u00e9 de la direction\nr\u00e9gionale des Douanes d\u2019Aix-en-Provence.<\/p>\n\n\n\n<p>Le directeur des finances\npubliques a confirm\u00e9 la mobilisation de ses services sur cette question, malgr\u00e9\nles difficult\u00e9s de recouvrement du droit de passeport induites notamment par le\nmontage de soci\u00e9t\u00e9s de location \u00e9trang\u00e8res. Il est ainsi envisag\u00e9 d\u2019utiliser la\ntechnologie de l\u2019outil num\u00e9rique \u00ab Foncier innovant \u00bb qui radiographie toute\nimplantation nouvelle de b\u00e2timent pour alimenter le contr\u00f4le des bases\nfiscales. La photographie des ports int\u00e9grant jusqu\u2019aux immatriculations des\nbateaux devrait permettre d\u2019am\u00e9liorer l\u2019identification de l\u2019assiette de la\ntaxe.<\/p>\n\n\n\n<figure class=\"wp-block-embed\"><div class=\"wp-block-embed__wrapper\">\n<div style=\"width: 640px;\" class=\"wp-video\"><video class=\"wp-video-shortcode\" id=\"video-5591-1\" width=\"640\" height=\"360\" preload=\"metadata\" controls=\"controls\"><source type=\"video\/mp4\" src=\"http:\/\/joelgirauddepute.fr\/wp-content\/uploads\/2020\/02\/encoder10_20200219095046_1_5117000_5218000.mp4?_=1\" \/><a href=\"http:\/\/joelgirauddepute.fr\/wp-content\/uploads\/2020\/02\/encoder10_20200219095046_1_5117000_5218000.mp4\">http:\/\/joelgirauddepute.fr\/wp-content\/uploads\/2020\/02\/encoder10_20200219095046_1_5117000_5218000.mp4<\/a><\/video><\/div>\n<\/div><\/figure>\n\n\n\n<p>note du Rapporteur g\u00e9n\u00e9ral Jo\u00ebl Giraud : <a rel=\"noreferrer noopener\" aria-label=\" (s\u2019ouvre dans un nouvel onglet)\" href=\"http:\/\/joelgirauddepute.fr\/wp-content\/uploads\/2020\/02\/N-20191912-Contr\u00f4le-DGDDI-AL.pdf\" target=\"_blank\">http:\/\/joelgirauddepute.fr\/wp-content\/uploads\/2020\/02\/N-20191912-Contr\u00f4le-DGDDI-AL.pdf<\/a><\/p>\n\n\n\n<p>article de DICI TV : <a href=\"http:\/\/joelgirauddepute.fr\/wp-content\/uploads\/2020\/02\/art.-DICI-JG-taxe-yachts.png\" target=\"_blank\" rel=\"noreferrer noopener\" aria-label=\" (s\u2019ouvre dans un nouvel onglet)\">http:\/\/joelgirauddepute.fr\/wp-content\/uploads\/2020\/02\/art.-DICI-JG-taxe-yachts.png<\/a><\/p>\n","protected":false},"excerpt":{"rendered":"<div class=\"mh-excerpt\"><p>Le d\u00e9put\u00e9 Jo\u00ebl GIRAUD a questionn\u00e9 ce jour lors de son audition en commission des finances le Directeur g\u00e9n\u00e9ral des finances publiques J\u00e9r\u00f4me FOURNEL sur <a class=\"mh-excerpt-more\" href=\"http:\/\/joelgirauddepute.fr\/index.php\/2020\/02\/19\/joel-giraud-persiste-et-signe-pour-recouvrer-la-taxe-sur-les-yachts\/\" title=\"Jo\u00ebl GIRAUD persiste et signe pour recouvrer la taxe sur les yachts\">[&#8230;]<\/a><\/p>\n<\/div>","protected":false},"author":1,"featured_media":5590,"comment_status":"open","ping_status":"open","sticky":false,"template":"","format":"standard","meta":{"footnotes":""},"categories":[1],"tags":[],"class_list":["post-5591","post","type-post","status-publish","format-standard","has-post-thumbnail","hentry","category-non-classe"],"jetpack_featured_media_url":"http:\/\/joelgirauddepute.fr\/wp-content\/uploads\/2020\/02\/reforme-de-l-isf-la-taxe-yacht.jpg","jetpack_sharing_enabled":true,"jetpack_shortlink":"https:\/\/wp.me\/pabfdt-1sb","_links":{"self":[{"href":"http:\/\/joelgirauddepute.fr\/index.php\/wp-json\/wp\/v2\/posts\/5591","targetHints":{"allow":["GET"]}}],"collection":[{"href":"http:\/\/joelgirauddepute.fr\/index.php\/wp-json\/wp\/v2\/posts"}],"about":[{"href":"http:\/\/joelgirauddepute.fr\/index.php\/wp-json\/wp\/v2\/types\/post"}],"author":[{"embeddable":true,"href":"http:\/\/joelgirauddepute.fr\/index.php\/wp-json\/wp\/v2\/users\/1"}],"replies":[{"embeddable":true,"href":"http:\/\/joelgirauddepute.fr\/index.php\/wp-json\/wp\/v2\/comments?post=5591"}],"version-history":[{"count":4,"href":"http:\/\/joelgirauddepute.fr\/index.php\/wp-json\/wp\/v2\/posts\/5591\/revisions"}],"predecessor-version":[{"id":5601,"href":"http:\/\/joelgirauddepute.fr\/index.php\/wp-json\/wp\/v2\/posts\/5591\/revisions\/5601"}],"wp:featuredmedia":[{"embeddable":true,"href":"http:\/\/joelgirauddepute.fr\/index.php\/wp-json\/wp\/v2\/media\/5590"}],"wp:attachment":[{"href":"http:\/\/joelgirauddepute.fr\/index.php\/wp-json\/wp\/v2\/media?parent=5591"}],"wp:term":[{"taxonomy":"category","embeddable":true,"href":"http:\/\/joelgirauddepute.fr\/index.php\/wp-json\/wp\/v2\/categories?post=5591"},{"taxonomy":"post_tag","embeddable":true,"href":"http:\/\/joelgirauddepute.fr\/index.php\/wp-json\/wp\/v2\/tags?post=5591"}],"curies":[{"name":"wp","href":"https:\/\/api.w.org\/{rel}","templated":true}]}}