{"id":5588,"date":"2020-02-19T10:17:37","date_gmt":"2020-02-19T09:17:37","guid":{"rendered":"http:\/\/joelgirauddepute.fr\/?p=5588"},"modified":"2020-02-20T09:24:03","modified_gmt":"2020-02-20T08:24:03","slug":"joel-giraud-enfonce-le-clou-de-la-necessaire-taxe-europeenne-sur-les-geants-du-numerique-a-bruxelles","status":"publish","type":"post","link":"http:\/\/joelgirauddepute.fr\/index.php\/2020\/02\/19\/joel-giraud-enfonce-le-clou-de-la-necessaire-taxe-europeenne-sur-les-geants-du-numerique-a-bruxelles\/","title":{"rendered":"Jo\u00ebl GIRAUD enfonce le clou de la n\u00e9cessaire taxe europ\u00e9enne sur les g\u00e9ants du num\u00e9rique \u00e0 Bruxelles"},"content":{"rendered":"\n<p>Pendant que ses coll\u00e8gues si\u00e9geaient \u00e0 Paris sur le projet de loi retraites, Jo\u00ebl GIRAUD \u00e9tait \u00e0 Bruxelles dans le cadre de la commission interparlementaire sur la coordination \u00e9conomique et financi\u00e8re au sein de l\u2019Union Europ\u00e9enne pour s\u2019assurer que la taxe sur les g\u00e9ants du num\u00e9rique, qu\u2019 il a fait voter en France, en tant que rapporteur du texte &#8211; malgr\u00e9 des pressions importantes puisque le sous-secr\u00e9taire d\u2019\u00c9tat aux finances des \u00c9tats Unis avait demand\u00e9 \u00e0 le rencontrer s\u00e9ance tenante avant le d\u00e9bat &#8211; \u00e9tait bien une priorit\u00e9 de la feuille de route du nouveau commissaire europ\u00e9en Paolo GENTILONI en rappelant qu\u2019 \u00ab une politique fiscale v\u00e9ritablement efficace n\u00e9cessite que l\u2019on soit unis \u00ab .  Une ligne de conduite qu\u2019a confirm\u00e9e l\u2019ancien pr\u00e9sident du Conseil italien, d\u00e9cid\u00e9, en cas d\u2019\u00e9chec des n\u00e9gociations \u00e0 l\u2019OCDE \u00e0 diligenter le dossier au niveau europ\u00e9en.  Une occasion aussi de demander \u00e0 Pascal Saint Amans, directeur de la politique fiscale de l\u2019OCDE un point sur les n\u00e9gociations, les obstacles qui se dressent notamment du c\u00f4t\u00e9 des USA, et leur calendrier qui pour l\u2019OCDE doit s\u2019achever au plus tard en juillet.  <\/p>\n\n\n\n<p><a href=\"http:\/\/alpesdusud.alpes1.com\/news\/hautes-alpes\/82034\/hautes-alpes-gafa-j-giraud-a-bruxelles\" target=\"_blank\" rel=\"noreferrer noopener\" aria-label=\" (s\u2019ouvre dans un nouvel onglet)\">http:\/\/alpesdusud.alpes1.com\/news\/hautes-alpes\/82034\/hautes-alpes-gafa-j-giraud-a-bruxelles<\/a><\/p>\n","protected":false},"excerpt":{"rendered":"<div class=\"mh-excerpt\"><p>Pendant que ses coll\u00e8gues si\u00e9geaient \u00e0 Paris sur le projet de loi retraites, Jo\u00ebl GIRAUD \u00e9tait \u00e0 Bruxelles dans le cadre de la commission interparlementaire <a class=\"mh-excerpt-more\" href=\"http:\/\/joelgirauddepute.fr\/index.php\/2020\/02\/19\/joel-giraud-enfonce-le-clou-de-la-necessaire-taxe-europeenne-sur-les-geants-du-numerique-a-bruxelles\/\" title=\"Jo\u00ebl GIRAUD enfonce le clou de la n\u00e9cessaire taxe europ\u00e9enne sur les g\u00e9ants du num\u00e9rique \u00e0 Bruxelles\">[&#8230;]<\/a><\/p>\n<\/div>","protected":false},"author":1,"featured_media":5584,"comment_status":"open","ping_status":"open","sticky":false,"template":"","format":"standard","meta":{"footnotes":""},"categories":[3,6,20,44],"tags":[],"class_list":["post-5588","post","type-post","status-publish","format-standard","has-post-thumbnail","hentry","category-commission","category-communiques","category-finances","category-international"],"jetpack_featured_media_url":"http:\/\/joelgirauddepute.fr\/wp-content\/uploads\/2020\/02\/Bruxelles-conf\u00e9rence-interparlementaire-Jo\u00ebl-GIRAUD-18-f\u00e9vrier-2019-scaled.jpg","jetpack_sharing_enabled":true,"jetpack_shortlink":"https:\/\/wp.me\/pabfdt-1s8","_links":{"self":[{"href":"http:\/\/joelgirauddepute.fr\/index.php\/wp-json\/wp\/v2\/posts\/5588","targetHints":{"allow":["GET"]}}],"collection":[{"href":"http:\/\/joelgirauddepute.fr\/index.php\/wp-json\/wp\/v2\/posts"}],"about":[{"href":"http:\/\/joelgirauddepute.fr\/index.php\/wp-json\/wp\/v2\/types\/post"}],"author":[{"embeddable":true,"href":"http:\/\/joelgirauddepute.fr\/index.php\/wp-json\/wp\/v2\/users\/1"}],"replies":[{"embeddable":true,"href":"http:\/\/joelgirauddepute.fr\/index.php\/wp-json\/wp\/v2\/comments?post=5588"}],"version-history":[{"count":2,"href":"http:\/\/joelgirauddepute.fr\/index.php\/wp-json\/wp\/v2\/posts\/5588\/revisions"}],"predecessor-version":[{"id":5602,"href":"http:\/\/joelgirauddepute.fr\/index.php\/wp-json\/wp\/v2\/posts\/5588\/revisions\/5602"}],"wp:featuredmedia":[{"embeddable":true,"href":"http:\/\/joelgirauddepute.fr\/index.php\/wp-json\/wp\/v2\/media\/5584"}],"wp:attachment":[{"href":"http:\/\/joelgirauddepute.fr\/index.php\/wp-json\/wp\/v2\/media?parent=5588"}],"wp:term":[{"taxonomy":"category","embeddable":true,"href":"http:\/\/joelgirauddepute.fr\/index.php\/wp-json\/wp\/v2\/categories?post=5588"},{"taxonomy":"post_tag","embeddable":true,"href":"http:\/\/joelgirauddepute.fr\/index.php\/wp-json\/wp\/v2\/tags?post=5588"}],"curies":[{"name":"wp","href":"https:\/\/api.w.org\/{rel}","templated":true}]}}