{"id":5572,"date":"2020-02-14T17:33:50","date_gmt":"2020-02-14T16:33:50","guid":{"rendered":"http:\/\/joelgirauddepute.fr\/?p=5572"},"modified":"2020-02-20T10:28:58","modified_gmt":"2020-02-20T09:28:58","slug":"journee-dechanges-avec-lupe-05","status":"publish","type":"post","link":"http:\/\/joelgirauddepute.fr\/index.php\/2020\/02\/14\/journee-dechanges-avec-lupe-05\/","title":{"rendered":"Journ\u00e9e d\u2019\u00e9changes avec l\u2019UPE 05"},"content":{"rendered":"\n<p>Le d\u00e9put\u00e9 Jo\u00ebl Giraud \u00e9tait invit\u00e9 hier par l\u2019Union pour l\u2019Entreprise des Hautes-Alpes \u00e0 une journ\u00e9e d\u2019\u00e9changes en pr\u00e9sence du Sous-Pr\u00e9fet Jean-Bernard Ich\u00e9 au travers des visites de la Soci\u00e9t\u00e9 Alpine de Boucherie \u00e0 Brian\u00e7on le matin, puis des Chalets Lombard et Vasina \u00e0 Saint-Martin-de-Queyri\u00e8res, deux entreprises embl\u00e9matiques du nord du d\u00e9partement. Au moment o\u00f9 les chiffres du ch\u00f4mage baissent et l\u2019apprentissage cro\u00eet, ce fut l\u2019occasion de faire le point sur les difficult\u00e9s auxquelles restent confront\u00e9es les entreprises haut-alpines comme le recrutement dans certains secteurs en tension, alors que l\u2019heure est \u00e0 la s\u00e9curisation du parcours des saisonniers.<\/p>\n\n\n\n<p>art. d&rsquo;Alpes et Midi : <a href=\"https:\/\/www.alpes-et-midi.fr\/article\/entreprises-brianconnais\" target=\"_blank\" rel=\"noreferrer noopener\" aria-label=\" (s\u2019ouvre dans un nouvel onglet)\">https:\/\/www.alpes-et-midi.fr\/article\/entreprises-brianconnais<\/a><\/p>\n","protected":false},"excerpt":{"rendered":"<div class=\"mh-excerpt\"><p>Le d\u00e9put\u00e9 Jo\u00ebl Giraud \u00e9tait invit\u00e9 hier par l\u2019Union pour l\u2019Entreprise des Hautes-Alpes \u00e0 une journ\u00e9e d\u2019\u00e9changes en pr\u00e9sence du Sous-Pr\u00e9fet Jean-Bernard Ich\u00e9 au travers <a class=\"mh-excerpt-more\" href=\"http:\/\/joelgirauddepute.fr\/index.php\/2020\/02\/14\/journee-dechanges-avec-lupe-05\/\" title=\"Journ\u00e9e d\u2019\u00e9changes avec l\u2019UPE 05\">[&#8230;]<\/a><\/p>\n<\/div>","protected":false},"author":1,"featured_media":5571,"comment_status":"open","ping_status":"open","sticky":false,"template":"","format":"standard","meta":{"footnotes":""},"categories":[1],"tags":[],"class_list":["post-5572","post","type-post","status-publish","format-standard","has-post-thumbnail","hentry","category-non-classe"],"jetpack_featured_media_url":"http:\/\/joelgirauddepute.fr\/wp-content\/uploads\/2020\/02\/UPE-05-SAB-scaled.jpg","jetpack_sharing_enabled":true,"jetpack_shortlink":"https:\/\/wp.me\/pabfdt-1rS","_links":{"self":[{"href":"http:\/\/joelgirauddepute.fr\/index.php\/wp-json\/wp\/v2\/posts\/5572","targetHints":{"allow":["GET"]}}],"collection":[{"href":"http:\/\/joelgirauddepute.fr\/index.php\/wp-json\/wp\/v2\/posts"}],"about":[{"href":"http:\/\/joelgirauddepute.fr\/index.php\/wp-json\/wp\/v2\/types\/post"}],"author":[{"embeddable":true,"href":"http:\/\/joelgirauddepute.fr\/index.php\/wp-json\/wp\/v2\/users\/1"}],"replies":[{"embeddable":true,"href":"http:\/\/joelgirauddepute.fr\/index.php\/wp-json\/wp\/v2\/comments?post=5572"}],"version-history":[{"count":3,"href":"http:\/\/joelgirauddepute.fr\/index.php\/wp-json\/wp\/v2\/posts\/5572\/revisions"}],"predecessor-version":[{"id":5603,"href":"http:\/\/joelgirauddepute.fr\/index.php\/wp-json\/wp\/v2\/posts\/5572\/revisions\/5603"}],"wp:featuredmedia":[{"embeddable":true,"href":"http:\/\/joelgirauddepute.fr\/index.php\/wp-json\/wp\/v2\/media\/5571"}],"wp:attachment":[{"href":"http:\/\/joelgirauddepute.fr\/index.php\/wp-json\/wp\/v2\/media?parent=5572"}],"wp:term":[{"taxonomy":"category","embeddable":true,"href":"http:\/\/joelgirauddepute.fr\/index.php\/wp-json\/wp\/v2\/categories?post=5572"},{"taxonomy":"post_tag","embeddable":true,"href":"http:\/\/joelgirauddepute.fr\/index.php\/wp-json\/wp\/v2\/tags?post=5572"}],"curies":[{"name":"wp","href":"https:\/\/api.w.org\/{rel}","templated":true}]}}