{"id":5551,"date":"2020-02-06T11:59:12","date_gmt":"2020-02-06T10:59:12","guid":{"rendered":"http:\/\/joelgirauddepute.fr\/?p=5551"},"modified":"2020-02-06T11:59:13","modified_gmt":"2020-02-06T10:59:13","slug":"133-de-contrats-dapprentissage-dans-les-hautes-alpes","status":"publish","type":"post","link":"http:\/\/joelgirauddepute.fr\/index.php\/2020\/02\/06\/133-de-contrats-dapprentissage-dans-les-hautes-alpes\/","title":{"rendered":"+ 13,3 % de contrats d\u2019apprentissage dans les Hautes-Alpes"},"content":{"rendered":"\n<p>A quelques jours de la visite de\nla ministre du travail Murielle PENICAUD dans les Hautes-Alpes qui vient\ns\u2019entretenir avec les acteurs du march\u00e9 de l\u2019emploi, les d\u00e9put\u00e9s des\nHautes-Alpes Pascale BOYER et Jo\u00ebl GIRAUD se r\u00e9jouissent vivement de la forte\nprogression enregistr\u00e9e de l\u2019apprentissage en 2019. Pour la premi\u00e8re fois\ndepuis 6 ans, le nombre de contrats d\u2019apprentissage connait une croissance \u00e0\ndeux chiffres en augmentant de plus de 16 % en France et de 13,3 % dans les Hautes-Alpes. <\/p>\n\n\n\n<p>L\u2019apprentissage augmente dans\ntoutes les r\u00e9gions (+16,2 % en r\u00e9gion Provence-Alpes-C\u00f4te-d\u2019Azur) et tous les\nsecteurs&nbsp;: +3% dans les Chambres des m\u00e9tiers et de l\u2019artisanat, + 13% dans\nle b\u00e2timent et les travaux publics, + 37% chez les Compagnons du devoir,\nnotamment, mais aussi nouvellement dans le sport, les services et le\nm\u00e9dico-social.<\/p>\n\n\n\n<p>Ces chiffres r\u00e9sultent en grande partie de la loi du 5\nseptembre 2018 pour la libert\u00e9 de choisir son avenir professionnel qui a\ntransform\u00e9 et simplifi\u00e9 les modalit\u00e9s de l\u2019apprentissage, d\u00e9velopp\u00e9 l\u2019offre de\nformation en permettant aux entreprises en manque de profils qualifi\u00e9s de\nlancer leur propre centre de formation d\u2019apprentis sans autorisation\nadministrative \u00e0 demander, ni aux R\u00e9gions pour l\u2019ouverture d\u2019un CFA, ni \u00e0\nl\u2019Etat pour le recrutement des formateurs, et revaloris\u00e9 l\u2019apprentissage,\npermettant de changer les regards sur cette voie d\u2019excellence et\nd\u2019avenir&nbsp;: pr\u00e8s de 71&nbsp;000 jeunes en fin de 3<sup>e<\/sup> ont formul\u00e9\ndes v\u0153ux en faveur d\u2019un apprentissage sur 2019, soit une augmentation de plus\nde 40 % sur deux ans.<\/p>\n\n\n\n<p>Avec la diminution de plus de 3% du nombre de ch\u00f4meurs en 2019, ces chiffres t\u00e9moignent des premiers r\u00e9sultats positifs de l\u2019action gouvernementale \u00e0 un peu plus de la moiti\u00e9 du mandat, y compris dans les territoires ruraux connaissant de fortes contraintes socio-\u00e9conomiques comme les Hautes-Alpes. <\/p>\n\n\n\n<p>dossier de presse du minist\u00e8re du travail : <a href=\"http:\/\/joelgirauddepute.fr\/wp-content\/uploads\/2020\/02\/DP_apprentissage_v10_web_144dpi.pdf\" target=\"_blank\" rel=\"noreferrer noopener\" aria-label=\" (s\u2019ouvre dans un nouvel onglet)\">http:\/\/joelgirauddepute.fr\/wp-content\/uploads\/2020\/02\/DP_apprentissage_v10_web_144dpi.pdf<\/a><\/p>\n","protected":false},"excerpt":{"rendered":"<div class=\"mh-excerpt\"><p>A quelques jours de la visite de la ministre du travail Murielle PENICAUD dans les Hautes-Alpes qui vient s\u2019entretenir avec les acteurs du march\u00e9 de <a class=\"mh-excerpt-more\" href=\"http:\/\/joelgirauddepute.fr\/index.php\/2020\/02\/06\/133-de-contrats-dapprentissage-dans-les-hautes-alpes\/\" title=\"+ 13,3 % de contrats d\u2019apprentissage dans les Hautes-Alpes\">[&#8230;]<\/a><\/p>\n<\/div>","protected":false},"author":1,"featured_media":5549,"comment_status":"open","ping_status":"open","sticky":false,"template":"","format":"standard","meta":{"footnotes":""},"categories":[1],"tags":[],"class_list":["post-5551","post","type-post","status-publish","format-standard","has-post-thumbnail","hentry","category-non-classe"],"jetpack_featured_media_url":"http:\/\/joelgirauddepute.fr\/wp-content\/uploads\/2020\/02\/reforme-apprentissage-apprentis-523x312-1.png","jetpack_sharing_enabled":true,"jetpack_shortlink":"https:\/\/wp.me\/pabfdt-1rx","_links":{"self":[{"href":"http:\/\/joelgirauddepute.fr\/index.php\/wp-json\/wp\/v2\/posts\/5551","targetHints":{"allow":["GET"]}}],"collection":[{"href":"http:\/\/joelgirauddepute.fr\/index.php\/wp-json\/wp\/v2\/posts"}],"about":[{"href":"http:\/\/joelgirauddepute.fr\/index.php\/wp-json\/wp\/v2\/types\/post"}],"author":[{"embeddable":true,"href":"http:\/\/joelgirauddepute.fr\/index.php\/wp-json\/wp\/v2\/users\/1"}],"replies":[{"embeddable":true,"href":"http:\/\/joelgirauddepute.fr\/index.php\/wp-json\/wp\/v2\/comments?post=5551"}],"version-history":[{"count":1,"href":"http:\/\/joelgirauddepute.fr\/index.php\/wp-json\/wp\/v2\/posts\/5551\/revisions"}],"predecessor-version":[{"id":5552,"href":"http:\/\/joelgirauddepute.fr\/index.php\/wp-json\/wp\/v2\/posts\/5551\/revisions\/5552"}],"wp:featuredmedia":[{"embeddable":true,"href":"http:\/\/joelgirauddepute.fr\/index.php\/wp-json\/wp\/v2\/media\/5549"}],"wp:attachment":[{"href":"http:\/\/joelgirauddepute.fr\/index.php\/wp-json\/wp\/v2\/media?parent=5551"}],"wp:term":[{"taxonomy":"category","embeddable":true,"href":"http:\/\/joelgirauddepute.fr\/index.php\/wp-json\/wp\/v2\/categories?post=5551"},{"taxonomy":"post_tag","embeddable":true,"href":"http:\/\/joelgirauddepute.fr\/index.php\/wp-json\/wp\/v2\/tags?post=5551"}],"curies":[{"name":"wp","href":"https:\/\/api.w.org\/{rel}","templated":true}]}}