{"id":5544,"date":"2020-02-05T17:37:33","date_gmt":"2020-02-05T16:37:33","guid":{"rendered":"http:\/\/joelgirauddepute.fr\/?p=5544"},"modified":"2020-02-05T17:37:40","modified_gmt":"2020-02-05T16:37:40","slug":"deputes-francais-et-allemands-planchent-a-strasbourg-sur-la-defense-commune-et-le-droit-des-affaires-et-des-faillites","status":"publish","type":"post","link":"http:\/\/joelgirauddepute.fr\/index.php\/2020\/02\/05\/deputes-francais-et-allemands-planchent-a-strasbourg-sur-la-defense-commune-et-le-droit-des-affaires-et-des-faillites\/","title":{"rendered":"D\u00e9put\u00e9s fran\u00e7ais et allemands planchent \u00e0 Strasbourg sur La D\u00e9fense commune et le droit des affaires et des faillites"},"content":{"rendered":"\n<p>L\u2019Assembl\u00e9e parlementaire franco-allemande, dont le d\u00e9put\u00e9 des Hautes Alpes Jo\u00ebl Giraud, est pour 2 jours en r\u00e9union pl\u00e9ni\u00e8re \u00e0 Strasbourg. L\u2019apr\u00e8s-midi est consacr\u00e9e aux questions de d\u00e9fense en pr\u00e9sence des 2 ministres tandis que les d\u00e9put\u00e9s travailleront demain sur l\u2019harmonisation du droit des affaires et des faillites, sur un pacte vert pour l\u2019Europe avant de mettre en place une r\u00e9union conjointe des commissions fran\u00e7aise du d\u00e9veloppement durable et allemande des transports et des infrastructures num\u00e9riques. <\/p>\n","protected":false},"excerpt":{"rendered":"<div class=\"mh-excerpt\"><p>L\u2019Assembl\u00e9e parlementaire franco-allemande, dont le d\u00e9put\u00e9 des Hautes Alpes Jo\u00ebl Giraud, est pour 2 jours en r\u00e9union pl\u00e9ni\u00e8re \u00e0 Strasbourg. L\u2019apr\u00e8s-midi est consacr\u00e9e aux questions <a class=\"mh-excerpt-more\" href=\"http:\/\/joelgirauddepute.fr\/index.php\/2020\/02\/05\/deputes-francais-et-allemands-planchent-a-strasbourg-sur-la-defense-commune-et-le-droit-des-affaires-et-des-faillites\/\" title=\"D\u00e9put\u00e9s fran\u00e7ais et allemands planchent \u00e0 Strasbourg sur La D\u00e9fense commune et le droit des affaires et des faillites\">[&#8230;]<\/a><\/p>\n<\/div>","protected":false},"author":1,"featured_media":5542,"comment_status":"open","ping_status":"open","sticky":false,"template":"","format":"standard","meta":{"footnotes":""},"categories":[1],"tags":[],"class_list":["post-5544","post","type-post","status-publish","format-standard","has-post-thumbnail","hentry","category-non-classe"],"jetpack_featured_media_url":"http:\/\/joelgirauddepute.fr\/wp-content\/uploads\/2020\/02\/photo-assembl\u00e9e-parlementaire-franco-allemande-05-02-20-scaled.jpg","jetpack_sharing_enabled":true,"jetpack_shortlink":"https:\/\/wp.me\/pabfdt-1rq","_links":{"self":[{"href":"http:\/\/joelgirauddepute.fr\/index.php\/wp-json\/wp\/v2\/posts\/5544","targetHints":{"allow":["GET"]}}],"collection":[{"href":"http:\/\/joelgirauddepute.fr\/index.php\/wp-json\/wp\/v2\/posts"}],"about":[{"href":"http:\/\/joelgirauddepute.fr\/index.php\/wp-json\/wp\/v2\/types\/post"}],"author":[{"embeddable":true,"href":"http:\/\/joelgirauddepute.fr\/index.php\/wp-json\/wp\/v2\/users\/1"}],"replies":[{"embeddable":true,"href":"http:\/\/joelgirauddepute.fr\/index.php\/wp-json\/wp\/v2\/comments?post=5544"}],"version-history":[{"count":1,"href":"http:\/\/joelgirauddepute.fr\/index.php\/wp-json\/wp\/v2\/posts\/5544\/revisions"}],"predecessor-version":[{"id":5545,"href":"http:\/\/joelgirauddepute.fr\/index.php\/wp-json\/wp\/v2\/posts\/5544\/revisions\/5545"}],"wp:featuredmedia":[{"embeddable":true,"href":"http:\/\/joelgirauddepute.fr\/index.php\/wp-json\/wp\/v2\/media\/5542"}],"wp:attachment":[{"href":"http:\/\/joelgirauddepute.fr\/index.php\/wp-json\/wp\/v2\/media?parent=5544"}],"wp:term":[{"taxonomy":"category","embeddable":true,"href":"http:\/\/joelgirauddepute.fr\/index.php\/wp-json\/wp\/v2\/categories?post=5544"},{"taxonomy":"post_tag","embeddable":true,"href":"http:\/\/joelgirauddepute.fr\/index.php\/wp-json\/wp\/v2\/tags?post=5544"}],"curies":[{"name":"wp","href":"https:\/\/api.w.org\/{rel}","templated":true}]}}