{"id":5534,"date":"2020-02-04T18:06:42","date_gmt":"2020-02-04T17:06:42","guid":{"rendered":"http:\/\/joelgirauddepute.fr\/?p=5534"},"modified":"2020-02-04T18:06:43","modified_gmt":"2020-02-04T17:06:43","slug":"joel-giraud-grand-temoin-du-lancement-a-lyon-de-la-presidence-francaise-de-la-strategie-macro-regionale-pour-les-alpes","status":"publish","type":"post","link":"http:\/\/joelgirauddepute.fr\/index.php\/2020\/02\/04\/joel-giraud-grand-temoin-du-lancement-a-lyon-de-la-presidence-francaise-de-la-strategie-macro-regionale-pour-les-alpes\/","title":{"rendered":"Jo\u00ebl GIRAUD grand t\u00e9moin du lancement \u00e0 Lyon de la pr\u00e9sidence fran\u00e7aise de la strat\u00e9gie macro-r\u00e9gionale pour les Alpes"},"content":{"rendered":"\n<p>Apr\u00e8s qu\u2019\u00e0 la fois la Ministre de la Coh\u00e9sion des Territoires, Jacqueline GOURAULT et le Pr\u00e9sident de la R\u00e9gion Auvergne Rh\u00f4ne Alpes Laurent WAUQUIEZ aient salu\u00e9 le d\u00e9put\u00e9 et pr\u00e9sident de la commission permanente du Conseil National de la Montagne, Jo\u00ebl GIRAUD, comme un des \u00e9lus \u00e0 l\u2019origine de la Strat\u00e9gie de l\u2019Union Europ\u00e9enne pour la R\u00e9gion Alpine (SUERA), ce dernier en a rappel\u00e9 les enjeux. Pourquoi une strat\u00e9gie macro-r\u00e9gionale alpine ? Les Alpes, plus importante cha\u00eene de montagne d\u2019Europe, un de ses berceaux culturels, forment avec ses vall\u00e9es et villes voisines l\u2019une des grandes r\u00e9gions europ\u00e9ennes les plus dynamiques et innovantes, qui repr\u00e9sente 80 millions d\u2019habitants et couvre sept \u00c9tats et pr\u00e8s d\u2019une cinquantaine de r\u00e9gions.   Mais la r\u00e9gion alpine se caract\u00e9rise aussi par des d\u00e9fis communs, li\u00e9s notamment \u00e0 la topographie :  \u2022             carrefour de l\u2019Europe mais barri\u00e8re naturelle difficile \u00e0 franchir ;  \u2022             zone marqu\u00e9e par les disparit\u00e9s territoriales ;  \u2022             r\u00e9gion tr\u00e8s touristique mais qui doit \u00e9voluer vers un tourisme plus durable et mieux r\u00e9parti dans l\u2019ann\u00e9e et sur le territoire ;  \u2022             ch\u00e2teau d\u2019eau de l\u2019Europe  \u2022             et un des derniers sanctuaires de biodiversit\u00e9 mais aussi \u00e9cosyst\u00e8me tr\u00e8s fragile et expos\u00e9 aux effets du changement climatique.  Tous ces d\u00e9fis, la strat\u00e9gie macro-r\u00e9gionale alpine fait le pari de les relever en commun. Cette  pr\u00e9sidence fran\u00e7aise rev\u00eat une importance singuli\u00e8re au cours de cette ann\u00e9e charni\u00e8re pour l\u2019Europe.  C\u2019est cette ann\u00e9e que vont se d\u00e9cider les politiques et fonds de l\u2019Union europ\u00e9enne pour la p\u00e9riode 2021-2027. En France, c\u2019est aussi cette ann\u00e9e que vont se conclure les structurantes contractualisations pluriannuelles planificatrices entre l\u2019\u00c9tat et les R\u00e9gions. Jo\u00ebl GIRAUD y met toutefois un pr\u00e9alable indispensable : la mise en place d\u2019une gouvernance entre \u00c9tats, R\u00e9gions et citoyens pour \u00ab qu\u2019\u00e9merge, par la conviction de tous ceux qui sont r\u00e9unis ici, une Europe qui refuse le repli sur soi, qui s\u2019oppose aux forces de dissociation, et qui promeut la solidarit\u00e9, l\u2019accessibilit\u00e9, la paix entre populations voisines. \u00bb \u00ab Je forme le v\u0153u que la SUERA, v\u00e9ritable laboratoire de gouvernance, permette de rapprocher l\u2019Europe des territoires et des citoyens \u00bb a conclu le d\u00e9put\u00e9. <\/p>\n","protected":false},"excerpt":{"rendered":"<div class=\"mh-excerpt\"><p>Apr\u00e8s qu\u2019\u00e0 la fois la Ministre de la Coh\u00e9sion des Territoires, Jacqueline GOURAULT et le Pr\u00e9sident de la R\u00e9gion Auvergne Rh\u00f4ne Alpes Laurent WAUQUIEZ aient <a class=\"mh-excerpt-more\" href=\"http:\/\/joelgirauddepute.fr\/index.php\/2020\/02\/04\/joel-giraud-grand-temoin-du-lancement-a-lyon-de-la-presidence-francaise-de-la-strategie-macro-regionale-pour-les-alpes\/\" title=\"Jo\u00ebl GIRAUD grand t\u00e9moin du lancement \u00e0 Lyon de la pr\u00e9sidence fran\u00e7aise de la strat\u00e9gie macro-r\u00e9gionale pour les Alpes\">[&#8230;]<\/a><\/p>\n<\/div>","protected":false},"author":1,"featured_media":5535,"comment_status":"open","ping_status":"open","sticky":false,"template":"","format":"standard","meta":{"footnotes":""},"categories":[6,33],"tags":[],"class_list":["post-5534","post","type-post","status-publish","format-standard","has-post-thumbnail","hentry","category-communiques","category-europe"],"jetpack_featured_media_url":"http:\/\/joelgirauddepute.fr\/wp-content\/uploads\/2020\/02\/Jo\u00ebl-GIRAUD-SUERA-Lyon-040220.jpg","jetpack_sharing_enabled":true,"jetpack_shortlink":"https:\/\/wp.me\/pabfdt-1rg","_links":{"self":[{"href":"http:\/\/joelgirauddepute.fr\/index.php\/wp-json\/wp\/v2\/posts\/5534","targetHints":{"allow":["GET"]}}],"collection":[{"href":"http:\/\/joelgirauddepute.fr\/index.php\/wp-json\/wp\/v2\/posts"}],"about":[{"href":"http:\/\/joelgirauddepute.fr\/index.php\/wp-json\/wp\/v2\/types\/post"}],"author":[{"embeddable":true,"href":"http:\/\/joelgirauddepute.fr\/index.php\/wp-json\/wp\/v2\/users\/1"}],"replies":[{"embeddable":true,"href":"http:\/\/joelgirauddepute.fr\/index.php\/wp-json\/wp\/v2\/comments?post=5534"}],"version-history":[{"count":1,"href":"http:\/\/joelgirauddepute.fr\/index.php\/wp-json\/wp\/v2\/posts\/5534\/revisions"}],"predecessor-version":[{"id":5536,"href":"http:\/\/joelgirauddepute.fr\/index.php\/wp-json\/wp\/v2\/posts\/5534\/revisions\/5536"}],"wp:featuredmedia":[{"embeddable":true,"href":"http:\/\/joelgirauddepute.fr\/index.php\/wp-json\/wp\/v2\/media\/5535"}],"wp:attachment":[{"href":"http:\/\/joelgirauddepute.fr\/index.php\/wp-json\/wp\/v2\/media?parent=5534"}],"wp:term":[{"taxonomy":"category","embeddable":true,"href":"http:\/\/joelgirauddepute.fr\/index.php\/wp-json\/wp\/v2\/categories?post=5534"},{"taxonomy":"post_tag","embeddable":true,"href":"http:\/\/joelgirauddepute.fr\/index.php\/wp-json\/wp\/v2\/tags?post=5534"}],"curies":[{"name":"wp","href":"https:\/\/api.w.org\/{rel}","templated":true}]}}