{"id":5479,"date":"2020-01-24T17:41:29","date_gmt":"2020-01-24T16:41:29","guid":{"rendered":"http:\/\/joelgirauddepute.fr\/?p=5479"},"modified":"2020-02-03T11:08:06","modified_gmt":"2020-02-03T10:08:06","slug":"train-de-nuit-le-retour","status":"publish","type":"post","link":"http:\/\/joelgirauddepute.fr\/index.php\/2020\/01\/24\/train-de-nuit-le-retour\/","title":{"rendered":"Train de nuit, le retour"},"content":{"rendered":"\n<p>Pour la premi\u00e8re fois depuis plus de 2 mois et bien qu\u2019en ce vendredi plusieurs syndicats aient appel\u00e9 \u00e0 une intensification du mouvement de gr\u00e8ve, notamment dans les transports, le train de nuit Paris-Brian\u00e7on est bien affich\u00e9 en gare de Paris Austerlitz et va reprendre du service.&nbsp;A quelques semaines des vacances d\u2019hiver ce retour \u00e9tait tr\u00e8s attendu des professionnels du tourisme.&nbsp;La nouvelle annonc\u00e9e dimanche dernier par la directrice d\u2019Intercit\u00e9s SNCF au d\u00e9put\u00e9 Jo\u00ebl Giraud, qui avait interpell\u00e9 le nouveau Pr\u00e9sident de la SNCF dans des termes peu am\u00e8nes, aura donc \u00e9t\u00e9 respect\u00e9e.<\/p>\n\n\n\n<p>article de Alpes 1 : <a aria-label=\" (s\u2019ouvre dans un nouvel onglet)\" href=\"http:\/\/alpesdusud.alpes1.com\/news\/hautes-alpes\/81599\/hautes-alpes-le-train-de-nuit-paris-briancon-de-retour-apres-deux-mois-d-absence-sur-les-rails\" target=\"_blank\" rel=\"noreferrer noopener\">http:\/\/alpesdusud.alpes1.com\/news\/hautes-alpes\/81599\/hautes-alpes-le-train-de-nuit-paris-briancon-de-retour-apres-deux-mois-d-absence-sur-les-rails<\/a><\/p>\n\n\n\n<p>article du Dauphin\u00e9 Lib\u00e9r\u00e9 : <a aria-label=\" (s\u2019ouvre dans un nouvel onglet)\" rel=\"noreferrer noopener\" href=\"http:\/\/joelgirauddepute.fr\/wp-content\/uploads\/2020\/01\/Screenshot_2020-01-27-Edition-des-Hautes-Alpes-et-Alpes-de-Haute-Provence-lundi-27-janvier-2020.png\" target=\"_blank\">http:\/\/joelgirauddepute.fr\/wp-content\/uploads\/2020\/01\/Screenshot_2020-01-27-Edition-des-Hautes-Alpes-et-Alpes-de-Haute-Provence-lundi-27-janvier-2020.png<\/a><\/p>\n\n\n\n<figure class=\"wp-block-embed-vimeo wp-block-embed is-type-video is-provider-vimeo wp-embed-aspect-16-9 wp-has-aspect-ratio\"><div class=\"wp-block-embed__wrapper\">\n<div class=\"embed-vimeo\" style=\"text-align: center;\"><iframe loading=\"lazy\" src=\"https:\/\/player.vimeo.com\/video\/388530645\" width=\"600\" height=\"338\" frameborder=\"0\" webkitallowfullscreen mozallowfullscreen allowfullscreen><\/iframe><\/div>\n<\/div><\/figure>\n\n\n\n<p><\/p>\n","protected":false},"excerpt":{"rendered":"<div class=\"mh-excerpt\"><p>Pour la premi\u00e8re fois depuis plus de 2 mois et bien qu\u2019en ce vendredi plusieurs syndicats aient appel\u00e9 \u00e0 une intensification du mouvement de gr\u00e8ve, <a class=\"mh-excerpt-more\" href=\"http:\/\/joelgirauddepute.fr\/index.php\/2020\/01\/24\/train-de-nuit-le-retour\/\" title=\"Train de nuit, le retour\">[&#8230;]<\/a><\/p>\n<\/div>","protected":false},"author":1,"featured_media":5489,"comment_status":"open","ping_status":"open","sticky":false,"template":"","format":"standard","meta":{"footnotes":""},"categories":[1],"tags":[],"class_list":["post-5479","post","type-post","status-publish","format-standard","has-post-thumbnail","hentry","category-non-classe"],"jetpack_featured_media_url":"http:\/\/joelgirauddepute.fr\/wp-content\/uploads\/2020\/01\/Capture-d\u2019e\u0301cran-2020-01-26-a\u0300-09.09.46.png","jetpack_sharing_enabled":true,"jetpack_shortlink":"https:\/\/wp.me\/pabfdt-1qn","_links":{"self":[{"href":"http:\/\/joelgirauddepute.fr\/index.php\/wp-json\/wp\/v2\/posts\/5479","targetHints":{"allow":["GET"]}}],"collection":[{"href":"http:\/\/joelgirauddepute.fr\/index.php\/wp-json\/wp\/v2\/posts"}],"about":[{"href":"http:\/\/joelgirauddepute.fr\/index.php\/wp-json\/wp\/v2\/types\/post"}],"author":[{"embeddable":true,"href":"http:\/\/joelgirauddepute.fr\/index.php\/wp-json\/wp\/v2\/users\/1"}],"replies":[{"embeddable":true,"href":"http:\/\/joelgirauddepute.fr\/index.php\/wp-json\/wp\/v2\/comments?post=5479"}],"version-history":[{"count":5,"href":"http:\/\/joelgirauddepute.fr\/index.php\/wp-json\/wp\/v2\/posts\/5479\/revisions"}],"predecessor-version":[{"id":5523,"href":"http:\/\/joelgirauddepute.fr\/index.php\/wp-json\/wp\/v2\/posts\/5479\/revisions\/5523"}],"wp:featuredmedia":[{"embeddable":true,"href":"http:\/\/joelgirauddepute.fr\/index.php\/wp-json\/wp\/v2\/media\/5489"}],"wp:attachment":[{"href":"http:\/\/joelgirauddepute.fr\/index.php\/wp-json\/wp\/v2\/media?parent=5479"}],"wp:term":[{"taxonomy":"category","embeddable":true,"href":"http:\/\/joelgirauddepute.fr\/index.php\/wp-json\/wp\/v2\/categories?post=5479"},{"taxonomy":"post_tag","embeddable":true,"href":"http:\/\/joelgirauddepute.fr\/index.php\/wp-json\/wp\/v2\/tags?post=5479"}],"curies":[{"name":"wp","href":"https:\/\/api.w.org\/{rel}","templated":true}]}}